{"id":101570,"date":"2026-04-20T09:37:19","date_gmt":"2026-04-20T07:37:19","guid":{"rendered":"https:\/\/www.klyster.nl\/?p=101570"},"modified":"2026-04-22T15:37:36","modified_gmt":"2026-04-22T13:37:36","slug":"yn-e-parse-bed-en-brochje-foar-bijen","status":"publish","type":"post","link":"https:\/\/www.klyster.nl\/fy\/yn-e-parse-bed-en-brochje-foar-bijen\/","title":{"rendered":"yn &#8216;e parse &#8211; B\u00ead en Brochje foar bijen"},"content":{"rendered":"<p>Moandei 20 april 2026 hat <strong>klystergids Peer Zaal<\/strong> mei learlingen fan groep 7 en 8 fan CBS De Gearing \u00fat Ie, in B\u00ead en Brochje foar bijen timmere en ynrjochte yn de boarterst\u00fan fan Ie. De learlingen hawwe hurd wurke en f\u00fbnen it super leuk om de hannen \u00fat de mouwen te stekken en sa in bydrage te leverjen oan it bioferskaat. Se makken ek siedbommen, sadat de ynsekten ek te iten hawwe.<\/p>\n<p>Op &#8216;e foto ien fan de learlingen yn overal drok dwaande mei it foljen fan it bijehotel. Yn \u00fbndersteand parseberjocht is mear te l\u00eazen.<\/p>\n<p><a href=\"https:\/\/www.rtvnof.nl\/de-klyster-bouwt-met-leerlingen-een-bed-en-brochje-foar-bijen-in-ie\/742896\/\">De Klyster bouwt met leerlingen een B\u00ead en Brochje foar bijen in Ie &#8211; RTV NOF Nieuws<\/a><\/p>\n<p>&nbsp;<\/p>\n","protected":false},"excerpt":{"rendered":"<p>Moandei 20 april 2026 hat klystergids Peer Zaal mei learlingen fan groep 7 en 8 fan CBS De Gearing \u00fat Ie, in B\u00ead en Brochje foar bijen timmere en ynrjochte yn de boarterst\u00fan fan Ie. De learlingen hawwe hurd wurke en f\u00fbnen it super leuk om de hannen \u00fat de mouwen te stekken en sa [&hellip;]<\/p>\n","protected":false},"author":707,"featured_media":101554,"comment_status":"closed","ping_status":"open","sticky":false,"template":"","format":"standard","meta":{"_acf_changed":false,"footnotes":""},"categories":[493],"tags":[],"class_list":["post-101570","post","type-post","status-publish","format-standard","has-post-thumbnail","hentry","category-uncategorized-fy"],"acf":[],"yoast_head":"<!-- This site is optimized with the Yoast SEO plugin v27.4 - https:\/\/yoast.com\/product\/yoast-seo-wordpress\/ -->\n<title>yn &#039;e parse - B\u00ead en Brochje foar bijen | Natuur- en Milieu Educatie Centrum De Klyster<\/title>\n<meta name=\"robots\" content=\"index, follow, max-snippet:-1, max-image-preview:large, max-video-preview:-1\" \/>\n<link rel=\"canonical\" href=\"https:\/\/www.klyster.nl\/fy\/yn-e-parse-bed-en-brochje-foar-bijen\/\" \/>\n<meta property=\"og:locale\" content=\"en_US\" \/>\n<meta property=\"og:type\" content=\"article\" \/>\n<meta property=\"og:title\" content=\"yn &#039;e parse - B\u00ead en Brochje foar bijen | Natuur- en Milieu Educatie Centrum De Klyster\" \/>\n<meta property=\"og:description\" content=\"Moandei 20 april 2026 hat klystergids Peer Zaal mei learlingen fan groep 7 en 8 fan CBS De Gearing \u00fat Ie, in B\u00ead en Brochje foar bijen timmere en ynrjochte yn de boarterst\u00fan fan Ie. De learlingen hawwe hurd wurke en f\u00fbnen it super leuk om de hannen \u00fat de mouwen te stekken en sa [&hellip;]\" \/>\n<meta property=\"og:url\" content=\"https:\/\/www.klyster.nl\/fy\/yn-e-parse-bed-en-brochje-foar-bijen\/\" \/>\n<meta property=\"og:site_name\" content=\"Natuur- en Milieu Educatie Centrum De Klyster\" \/>\n<meta property=\"article:publisher\" content=\"https:\/\/www.facebook.com\/pages\/category\/Nonprofit-Organization\/De-Klyster-183815865735075\/\" \/>\n<meta property=\"article:published_time\" content=\"2026-04-20T07:37:19+00:00\" \/>\n<meta property=\"article:modified_time\" content=\"2026-04-22T13:37:36+00:00\" \/>\n<meta property=\"og:image\" content=\"https:\/\/www.klyster.nl\/wp-content\/uploads\/2026\/04\/4.-Jongen-vult-bijenhotel.jpeg\" \/>\n\t<meta property=\"og:image:width\" content=\"1536\" \/>\n\t<meta property=\"og:image:height\" content=\"2048\" \/>\n\t<meta property=\"og:image:type\" content=\"image\/jpeg\" \/>\n<meta name=\"author\" content=\"Jan Tiede Bouma\" \/>\n<meta name=\"twitter:card\" content=\"summary_large_image\" \/>\n<script type=\"application\/ld+json\" class=\"yoast-schema-graph\">{\"@context\":\"https:\\\/\\\/schema.org\",\"@graph\":[{\"@type\":\"Article\",\"@id\":\"https:\\\/\\\/www.klyster.nl\\\/fy\\\/yn-e-parse-bed-en-brochje-foar-bijen\\\/#article\",\"isPartOf\":{\"@id\":\"https:\\\/\\\/www.klyster.nl\\\/fy\\\/yn-e-parse-bed-en-brochje-foar-bijen\\\/\"},\"author\":{\"name\":\"Jan Tiede Bouma\",\"@id\":\"https:\\\/\\\/www.klyster.nl\\\/fy\\\/#\\\/schema\\\/person\\\/21822e4a9dcd556dc7d6338a21dac3be\"},\"headline\":\"yn &#8216;e parse &#8211; B\u00ead en Brochje foar bijen\",\"datePublished\":\"2026-04-20T07:37:19+00:00\",\"dateModified\":\"2026-04-22T13:37:36+00:00\",\"mainEntityOfPage\":{\"@id\":\"https:\\\/\\\/www.klyster.nl\\\/fy\\\/yn-e-parse-bed-en-brochje-foar-bijen\\\/\"},\"wordCount\":126,\"publisher\":{\"@id\":\"https:\\\/\\\/www.klyster.nl\\\/fy\\\/#organization\"},\"image\":{\"@id\":\"https:\\\/\\\/www.klyster.nl\\\/fy\\\/yn-e-parse-bed-en-brochje-foar-bijen\\\/#primaryimage\"},\"thumbnailUrl\":\"https:\\\/\\\/www.klyster.nl\\\/wp-content\\\/uploads\\\/2026\\\/04\\\/4.-Jongen-vult-bijenhotel.jpeg\",\"articleSection\":[\"Uncategorized @fy\"],\"inLanguage\":\"fy\"},{\"@type\":\"WebPage\",\"@id\":\"https:\\\/\\\/www.klyster.nl\\\/fy\\\/yn-e-parse-bed-en-brochje-foar-bijen\\\/\",\"url\":\"https:\\\/\\\/www.klyster.nl\\\/fy\\\/yn-e-parse-bed-en-brochje-foar-bijen\\\/\",\"name\":\"yn 'e parse - B\u00ead en Brochje foar bijen | Natuur- en Milieu Educatie Centrum De Klyster\",\"isPartOf\":{\"@id\":\"https:\\\/\\\/www.klyster.nl\\\/fy\\\/#website\"},\"primaryImageOfPage\":{\"@id\":\"https:\\\/\\\/www.klyster.nl\\\/fy\\\/yn-e-parse-bed-en-brochje-foar-bijen\\\/#primaryimage\"},\"image\":{\"@id\":\"https:\\\/\\\/www.klyster.nl\\\/fy\\\/yn-e-parse-bed-en-brochje-foar-bijen\\\/#primaryimage\"},\"thumbnailUrl\":\"https:\\\/\\\/www.klyster.nl\\\/wp-content\\\/uploads\\\/2026\\\/04\\\/4.-Jongen-vult-bijenhotel.jpeg\",\"datePublished\":\"2026-04-20T07:37:19+00:00\",\"dateModified\":\"2026-04-22T13:37:36+00:00\",\"breadcrumb\":{\"@id\":\"https:\\\/\\\/www.klyster.nl\\\/fy\\\/yn-e-parse-bed-en-brochje-foar-bijen\\\/#breadcrumb\"},\"inLanguage\":\"fy\",\"potentialAction\":[{\"@type\":\"ReadAction\",\"target\":[\"https:\\\/\\\/www.klyster.nl\\\/fy\\\/yn-e-parse-bed-en-brochje-foar-bijen\\\/\"]}]},{\"@type\":\"ImageObject\",\"inLanguage\":\"fy\",\"@id\":\"https:\\\/\\\/www.klyster.nl\\\/fy\\\/yn-e-parse-bed-en-brochje-foar-bijen\\\/#primaryimage\",\"url\":\"https:\\\/\\\/www.klyster.nl\\\/wp-content\\\/uploads\\\/2026\\\/04\\\/4.-Jongen-vult-bijenhotel.jpeg\",\"contentUrl\":\"https:\\\/\\\/www.klyster.nl\\\/wp-content\\\/uploads\\\/2026\\\/04\\\/4.-Jongen-vult-bijenhotel.jpeg\",\"width\":1536,\"height\":2048},{\"@type\":\"BreadcrumbList\",\"@id\":\"https:\\\/\\\/www.klyster.nl\\\/fy\\\/yn-e-parse-bed-en-brochje-foar-bijen\\\/#breadcrumb\",\"itemListElement\":[{\"@type\":\"ListItem\",\"position\":1,\"name\":\"Home\",\"item\":\"https:\\\/\\\/www.klyster.nl\\\/fy\\\/\"},{\"@type\":\"ListItem\",\"position\":2,\"name\":\"yn &#8216;e parse &#8211; B\u00ead en Brochje foar bijen\"}]},{\"@type\":\"WebSite\",\"@id\":\"https:\\\/\\\/www.klyster.nl\\\/fy\\\/#website\",\"url\":\"https:\\\/\\\/www.klyster.nl\\\/fy\\\/\",\"name\":\"Natuur- en Milieu Educatie Centrum De Klyster\",\"description\":\"It NME-sintrum foar edukaasje yn natuer en duorsumens foar it basis\u00fbnderwiis yn Noardeast-Frysl\u00e2n.\",\"publisher\":{\"@id\":\"https:\\\/\\\/www.klyster.nl\\\/fy\\\/#organization\"},\"potentialAction\":[{\"@type\":\"SearchAction\",\"target\":{\"@type\":\"EntryPoint\",\"urlTemplate\":\"https:\\\/\\\/www.klyster.nl\\\/fy\\\/?s={search_term_string}\"},\"query-input\":{\"@type\":\"PropertyValueSpecification\",\"valueRequired\":true,\"valueName\":\"search_term_string\"}}],\"inLanguage\":\"fy\"},{\"@type\":\"Organization\",\"@id\":\"https:\\\/\\\/www.klyster.nl\\\/fy\\\/#organization\",\"name\":\"Natuur- en Milieu Educatie Centrum De Klyster\",\"url\":\"https:\\\/\\\/www.klyster.nl\\\/fy\\\/\",\"logo\":{\"@type\":\"ImageObject\",\"inLanguage\":\"fy\",\"@id\":\"https:\\\/\\\/www.klyster.nl\\\/fy\\\/#\\\/schema\\\/logo\\\/image\\\/\",\"url\":\"https:\\\/\\\/www.klyster.nl\\\/wp-content\\\/uploads\\\/2020\\\/03\\\/Logo-Klyster-NIEUW-scaled.jpg\",\"contentUrl\":\"https:\\\/\\\/www.klyster.nl\\\/wp-content\\\/uploads\\\/2020\\\/03\\\/Logo-Klyster-NIEUW-scaled.jpg\",\"width\":2560,\"height\":1345,\"caption\":\"Natuur- en Milieu Educatie Centrum De Klyster\"},\"image\":{\"@id\":\"https:\\\/\\\/www.klyster.nl\\\/fy\\\/#\\\/schema\\\/logo\\\/image\\\/\"},\"sameAs\":[\"https:\\\/\\\/www.facebook.com\\\/pages\\\/category\\\/Nonprofit-Organization\\\/De-Klyster-183815865735075\\\/\",\"https:\\\/\\\/www.instagram.com\\\/deklyster\\\/\"]},{\"@type\":\"Person\",\"@id\":\"https:\\\/\\\/www.klyster.nl\\\/fy\\\/#\\\/schema\\\/person\\\/21822e4a9dcd556dc7d6338a21dac3be\",\"name\":\"Jan Tiede Bouma\",\"image\":{\"@type\":\"ImageObject\",\"inLanguage\":\"fy\",\"@id\":\"https:\\\/\\\/secure.gravatar.com\\\/avatar\\\/1e2eada00e0c491b71aacf24904b29025b3ddc521e64d8554030e23288ab951e?s=96&d=mm&r=g\",\"url\":\"https:\\\/\\\/secure.gravatar.com\\\/avatar\\\/1e2eada00e0c491b71aacf24904b29025b3ddc521e64d8554030e23288ab951e?s=96&d=mm&r=g\",\"contentUrl\":\"https:\\\/\\\/secure.gravatar.com\\\/avatar\\\/1e2eada00e0c491b71aacf24904b29025b3ddc521e64d8554030e23288ab951e?s=96&d=mm&r=g\",\"caption\":\"Jan Tiede Bouma\"}}]}<\/script>\n<!-- \/ Yoast SEO plugin. -->","yoast_head_json":{"title":"yn 'e parse - B\u00ead en Brochje foar bijen | Natuur- en Milieu Educatie Centrum De Klyster","robots":{"index":"index","follow":"follow","max-snippet":"max-snippet:-1","max-image-preview":"max-image-preview:large","max-video-preview":"max-video-preview:-1"},"canonical":"https:\/\/www.klyster.nl\/fy\/yn-e-parse-bed-en-brochje-foar-bijen\/","og_locale":"en_US","og_type":"article","og_title":"yn 'e parse - B\u00ead en Brochje foar bijen | Natuur- en Milieu Educatie Centrum De Klyster","og_description":"Moandei 20 april 2026 hat klystergids Peer Zaal mei learlingen fan groep 7 en 8 fan CBS De Gearing \u00fat Ie, in B\u00ead en Brochje foar bijen timmere en ynrjochte yn de boarterst\u00fan fan Ie. De learlingen hawwe hurd wurke en f\u00fbnen it super leuk om de hannen \u00fat de mouwen te stekken en sa [&hellip;]","og_url":"https:\/\/www.klyster.nl\/fy\/yn-e-parse-bed-en-brochje-foar-bijen\/","og_site_name":"Natuur- en Milieu Educatie Centrum De Klyster","article_publisher":"https:\/\/www.facebook.com\/pages\/category\/Nonprofit-Organization\/De-Klyster-183815865735075\/","article_published_time":"2026-04-20T07:37:19+00:00","article_modified_time":"2026-04-22T13:37:36+00:00","og_image":[{"width":1536,"height":2048,"url":"https:\/\/www.klyster.nl\/wp-content\/uploads\/2026\/04\/4.-Jongen-vult-bijenhotel.jpeg","type":"image\/jpeg"}],"author":"Jan Tiede Bouma","twitter_card":"summary_large_image","schema":{"@context":"https:\/\/schema.org","@graph":[{"@type":"Article","@id":"https:\/\/www.klyster.nl\/fy\/yn-e-parse-bed-en-brochje-foar-bijen\/#article","isPartOf":{"@id":"https:\/\/www.klyster.nl\/fy\/yn-e-parse-bed-en-brochje-foar-bijen\/"},"author":{"name":"Jan Tiede Bouma","@id":"https:\/\/www.klyster.nl\/fy\/#\/schema\/person\/21822e4a9dcd556dc7d6338a21dac3be"},"headline":"yn &#8216;e parse &#8211; B\u00ead en Brochje foar bijen","datePublished":"2026-04-20T07:37:19+00:00","dateModified":"2026-04-22T13:37:36+00:00","mainEntityOfPage":{"@id":"https:\/\/www.klyster.nl\/fy\/yn-e-parse-bed-en-brochje-foar-bijen\/"},"wordCount":126,"publisher":{"@id":"https:\/\/www.klyster.nl\/fy\/#organization"},"image":{"@id":"https:\/\/www.klyster.nl\/fy\/yn-e-parse-bed-en-brochje-foar-bijen\/#primaryimage"},"thumbnailUrl":"https:\/\/www.klyster.nl\/wp-content\/uploads\/2026\/04\/4.-Jongen-vult-bijenhotel.jpeg","articleSection":["Uncategorized @fy"],"inLanguage":"fy"},{"@type":"WebPage","@id":"https:\/\/www.klyster.nl\/fy\/yn-e-parse-bed-en-brochje-foar-bijen\/","url":"https:\/\/www.klyster.nl\/fy\/yn-e-parse-bed-en-brochje-foar-bijen\/","name":"yn 'e parse - B\u00ead en Brochje foar bijen | Natuur- en Milieu Educatie Centrum De Klyster","isPartOf":{"@id":"https:\/\/www.klyster.nl\/fy\/#website"},"primaryImageOfPage":{"@id":"https:\/\/www.klyster.nl\/fy\/yn-e-parse-bed-en-brochje-foar-bijen\/#primaryimage"},"image":{"@id":"https:\/\/www.klyster.nl\/fy\/yn-e-parse-bed-en-brochje-foar-bijen\/#primaryimage"},"thumbnailUrl":"https:\/\/www.klyster.nl\/wp-content\/uploads\/2026\/04\/4.-Jongen-vult-bijenhotel.jpeg","datePublished":"2026-04-20T07:37:19+00:00","dateModified":"2026-04-22T13:37:36+00:00","breadcrumb":{"@id":"https:\/\/www.klyster.nl\/fy\/yn-e-parse-bed-en-brochje-foar-bijen\/#breadcrumb"},"inLanguage":"fy","potentialAction":[{"@type":"ReadAction","target":["https:\/\/www.klyster.nl\/fy\/yn-e-parse-bed-en-brochje-foar-bijen\/"]}]},{"@type":"ImageObject","inLanguage":"fy","@id":"https:\/\/www.klyster.nl\/fy\/yn-e-parse-bed-en-brochje-foar-bijen\/#primaryimage","url":"https:\/\/www.klyster.nl\/wp-content\/uploads\/2026\/04\/4.-Jongen-vult-bijenhotel.jpeg","contentUrl":"https:\/\/www.klyster.nl\/wp-content\/uploads\/2026\/04\/4.-Jongen-vult-bijenhotel.jpeg","width":1536,"height":2048},{"@type":"BreadcrumbList","@id":"https:\/\/www.klyster.nl\/fy\/yn-e-parse-bed-en-brochje-foar-bijen\/#breadcrumb","itemListElement":[{"@type":"ListItem","position":1,"name":"Home","item":"https:\/\/www.klyster.nl\/fy\/"},{"@type":"ListItem","position":2,"name":"yn &#8216;e parse &#8211; B\u00ead en Brochje foar bijen"}]},{"@type":"WebSite","@id":"https:\/\/www.klyster.nl\/fy\/#website","url":"https:\/\/www.klyster.nl\/fy\/","name":"Natuur- en Milieu Educatie Centrum De Klyster","description":"It NME-sintrum foar edukaasje yn natuer en duorsumens foar it basis\u00fbnderwiis yn Noardeast-Frysl\u00e2n.","publisher":{"@id":"https:\/\/www.klyster.nl\/fy\/#organization"},"potentialAction":[{"@type":"SearchAction","target":{"@type":"EntryPoint","urlTemplate":"https:\/\/www.klyster.nl\/fy\/?s={search_term_string}"},"query-input":{"@type":"PropertyValueSpecification","valueRequired":true,"valueName":"search_term_string"}}],"inLanguage":"fy"},{"@type":"Organization","@id":"https:\/\/www.klyster.nl\/fy\/#organization","name":"Natuur- en Milieu Educatie Centrum De Klyster","url":"https:\/\/www.klyster.nl\/fy\/","logo":{"@type":"ImageObject","inLanguage":"fy","@id":"https:\/\/www.klyster.nl\/fy\/#\/schema\/logo\/image\/","url":"https:\/\/www.klyster.nl\/wp-content\/uploads\/2020\/03\/Logo-Klyster-NIEUW-scaled.jpg","contentUrl":"https:\/\/www.klyster.nl\/wp-content\/uploads\/2020\/03\/Logo-Klyster-NIEUW-scaled.jpg","width":2560,"height":1345,"caption":"Natuur- en Milieu Educatie Centrum De Klyster"},"image":{"@id":"https:\/\/www.klyster.nl\/fy\/#\/schema\/logo\/image\/"},"sameAs":["https:\/\/www.facebook.com\/pages\/category\/Nonprofit-Organization\/De-Klyster-183815865735075\/","https:\/\/www.instagram.com\/deklyster\/"]},{"@type":"Person","@id":"https:\/\/www.klyster.nl\/fy\/#\/schema\/person\/21822e4a9dcd556dc7d6338a21dac3be","name":"Jan Tiede Bouma","image":{"@type":"ImageObject","inLanguage":"fy","@id":"https:\/\/secure.gravatar.com\/avatar\/1e2eada00e0c491b71aacf24904b29025b3ddc521e64d8554030e23288ab951e?s=96&d=mm&r=g","url":"https:\/\/secure.gravatar.com\/avatar\/1e2eada00e0c491b71aacf24904b29025b3ddc521e64d8554030e23288ab951e?s=96&d=mm&r=g","contentUrl":"https:\/\/secure.gravatar.com\/avatar\/1e2eada00e0c491b71aacf24904b29025b3ddc521e64d8554030e23288ab951e?s=96&d=mm&r=g","caption":"Jan Tiede Bouma"}}]}},"_links":{"self":[{"href":"https:\/\/www.klyster.nl\/fy\/wp-json\/wp\/v2\/posts\/101570","targetHints":{"allow":["GET"]}}],"collection":[{"href":"https:\/\/www.klyster.nl\/fy\/wp-json\/wp\/v2\/posts"}],"about":[{"href":"https:\/\/www.klyster.nl\/fy\/wp-json\/wp\/v2\/types\/post"}],"author":[{"embeddable":true,"href":"https:\/\/www.klyster.nl\/fy\/wp-json\/wp\/v2\/users\/707"}],"replies":[{"embeddable":true,"href":"https:\/\/www.klyster.nl\/fy\/wp-json\/wp\/v2\/comments?post=101570"}],"version-history":[{"count":3,"href":"https:\/\/www.klyster.nl\/fy\/wp-json\/wp\/v2\/posts\/101570\/revisions"}],"predecessor-version":[{"id":101572,"href":"https:\/\/www.klyster.nl\/fy\/wp-json\/wp\/v2\/posts\/101570\/revisions\/101572"}],"wp:featuredmedia":[{"embeddable":true,"href":"https:\/\/www.klyster.nl\/fy\/wp-json\/wp\/v2\/media\/101554"}],"wp:attachment":[{"href":"https:\/\/www.klyster.nl\/fy\/wp-json\/wp\/v2\/media?parent=101570"}],"wp:term":[{"taxonomy":"category","embeddable":true,"href":"https:\/\/www.klyster.nl\/fy\/wp-json\/wp\/v2\/categories?post=101570"},{"taxonomy":"post_tag","embeddable":true,"href":"https:\/\/www.klyster.nl\/fy\/wp-json\/wp\/v2\/tags?post=101570"}],"curies":[{"name":"wp","href":"https:\/\/api.w.org\/{rel}","templated":true}]}}