{"id":101398,"date":"2026-03-30T10:29:30","date_gmt":"2026-03-30T08:29:30","guid":{"rendered":"https:\/\/www.klyster.nl\/?p=101398"},"modified":"2026-04-08T20:26:55","modified_gmt":"2026-04-08T18:26:55","slug":"klyster-nijsbrief-nr-03-3","status":"publish","type":"post","link":"https:\/\/www.klyster.nl\/fy\/klyster-nijsbrief-nr-03-3\/","title":{"rendered":"Klyster nijsbrief nr. 03"},"content":{"rendered":"<p><strong>B\u00easte nijsbriefl\u00eazer, <\/strong><\/p>\n<p>Yn dizze nijsbrief omtinken foar:<\/p>\n<ul>\n<li>B\u00fbtenlesdei op 7 april &#8211; opjaan kin dizze wike noch!<\/li>\n<li>Digi les Kikker &amp; Pad &#8211; 15 april, opjaan kin no.<\/li>\n<li>Projekt Stinzeskatten \u2013 jou dy op foar de pilot<\/li>\n<li>Jierplan 2026<\/li>\n<li>GFT, wat dochst dermei? \u2013 op tv<\/li>\n<li>Pykjes yn &#8216;e klasse &#8211; op tv<\/li>\n<li>dochbl\u00ead Wetterf\u00fbgels<\/li>\n<\/ul>\n<p>In protte l\u00easwille!<\/p>\n<p><a href=\"https:\/\/www.klyster.nl\/wp-content\/uploads\/2026\/04\/2026-Nieuwsbrief-03.pdf\">Klik hier om de nieuwsbrief te lezen.<\/a><\/p>\n<p><a href=\"https:\/\/www.klyster.nl\/wp-content\/uploads\/2026\/04\/2026-03-Dochbled-Maart-Wetterfugels.pdf\">Bijlage: Doeblad watervogels<\/a><\/p>\n","protected":false},"excerpt":{"rendered":"<p>B\u00easte nijsbriefl\u00eazer, Yn dizze nijsbrief omtinken foar: B\u00fbtenlesdei op 7 april &#8211; opjaan kin dizze wike noch! Digi les Kikker &amp; Pad &#8211; 15 april, opjaan kin no. Projekt Stinzeskatten \u2013 jou dy op foar de pilot Jierplan 2026 GFT, wat dochst dermei? \u2013 op tv Pykjes yn &#8216;e klasse &#8211; op tv dochbl\u00ead Wetterf\u00fbgels [&hellip;]<\/p>\n","protected":false},"author":707,"featured_media":101367,"comment_status":"closed","ping_status":"open","sticky":false,"template":"","format":"standard","meta":{"_acf_changed":false,"footnotes":""},"categories":[493],"tags":[],"class_list":["post-101398","post","type-post","status-publish","format-standard","has-post-thumbnail","hentry","category-uncategorized-fy"],"acf":[],"yoast_head":"<!-- This site is optimized with the Yoast SEO plugin v27.4 - https:\/\/yoast.com\/product\/yoast-seo-wordpress\/ -->\n<title>Klyster nijsbrief nr. 03 | Natuur- en Milieu Educatie Centrum De Klyster<\/title>\n<meta name=\"robots\" content=\"index, follow, max-snippet:-1, max-image-preview:large, max-video-preview:-1\" \/>\n<link rel=\"canonical\" href=\"https:\/\/www.klyster.nl\/fy\/klyster-nijsbrief-nr-03-3\/\" \/>\n<meta property=\"og:locale\" content=\"en_US\" \/>\n<meta property=\"og:type\" content=\"article\" \/>\n<meta property=\"og:title\" content=\"Klyster nijsbrief nr. 03 | Natuur- en Milieu Educatie Centrum De Klyster\" \/>\n<meta property=\"og:description\" content=\"B\u00easte nijsbriefl\u00eazer, Yn dizze nijsbrief omtinken foar: B\u00fbtenlesdei op 7 april &#8211; opjaan kin dizze wike noch! Digi les Kikker &amp; Pad &#8211; 15 april, opjaan kin no. Projekt Stinzeskatten \u2013 jou dy op foar de pilot Jierplan 2026 GFT, wat dochst dermei? \u2013 op tv Pykjes yn &#8216;e klasse &#8211; op tv dochbl\u00ead Wetterf\u00fbgels [&hellip;]\" \/>\n<meta property=\"og:url\" content=\"https:\/\/www.klyster.nl\/fy\/klyster-nijsbrief-nr-03-3\/\" \/>\n<meta property=\"og:site_name\" content=\"Natuur- en Milieu Educatie Centrum De Klyster\" \/>\n<meta property=\"article:publisher\" content=\"https:\/\/www.facebook.com\/pages\/category\/Nonprofit-Organization\/De-Klyster-183815865735075\/\" \/>\n<meta property=\"article:published_time\" content=\"2026-03-30T08:29:30+00:00\" \/>\n<meta property=\"article:modified_time\" content=\"2026-04-08T18:26:55+00:00\" \/>\n<meta property=\"og:image\" content=\"https:\/\/www.klyster.nl\/wp-content\/uploads\/2026\/04\/kuiken-1030x687-1.jpg\" \/>\n\t<meta property=\"og:image:width\" content=\"1030\" \/>\n\t<meta property=\"og:image:height\" content=\"687\" \/>\n\t<meta property=\"og:image:type\" content=\"image\/jpeg\" \/>\n<meta name=\"author\" content=\"Jan Tiede Bouma\" \/>\n<meta name=\"twitter:card\" content=\"summary_large_image\" \/>\n<script type=\"application\/ld+json\" class=\"yoast-schema-graph\">{\"@context\":\"https:\\\/\\\/schema.org\",\"@graph\":[{\"@type\":\"Article\",\"@id\":\"https:\\\/\\\/www.klyster.nl\\\/fy\\\/klyster-nijsbrief-nr-03-3\\\/#article\",\"isPartOf\":{\"@id\":\"https:\\\/\\\/www.klyster.nl\\\/fy\\\/klyster-nijsbrief-nr-03-3\\\/\"},\"author\":{\"name\":\"Jan Tiede Bouma\",\"@id\":\"https:\\\/\\\/www.klyster.nl\\\/fy\\\/#\\\/schema\\\/person\\\/21822e4a9dcd556dc7d6338a21dac3be\"},\"headline\":\"Klyster nijsbrief nr. 03\",\"datePublished\":\"2026-03-30T08:29:30+00:00\",\"dateModified\":\"2026-04-08T18:26:55+00:00\",\"mainEntityOfPage\":{\"@id\":\"https:\\\/\\\/www.klyster.nl\\\/fy\\\/klyster-nijsbrief-nr-03-3\\\/\"},\"wordCount\":72,\"publisher\":{\"@id\":\"https:\\\/\\\/www.klyster.nl\\\/fy\\\/#organization\"},\"image\":{\"@id\":\"https:\\\/\\\/www.klyster.nl\\\/fy\\\/klyster-nijsbrief-nr-03-3\\\/#primaryimage\"},\"thumbnailUrl\":\"https:\\\/\\\/www.klyster.nl\\\/wp-content\\\/uploads\\\/2026\\\/04\\\/kuiken-1030x687-1.jpg\",\"articleSection\":[\"Uncategorized @fy\"],\"inLanguage\":\"fy\"},{\"@type\":\"WebPage\",\"@id\":\"https:\\\/\\\/www.klyster.nl\\\/fy\\\/klyster-nijsbrief-nr-03-3\\\/\",\"url\":\"https:\\\/\\\/www.klyster.nl\\\/fy\\\/klyster-nijsbrief-nr-03-3\\\/\",\"name\":\"Klyster nijsbrief nr. 03 | Natuur- en Milieu Educatie Centrum De Klyster\",\"isPartOf\":{\"@id\":\"https:\\\/\\\/www.klyster.nl\\\/fy\\\/#website\"},\"primaryImageOfPage\":{\"@id\":\"https:\\\/\\\/www.klyster.nl\\\/fy\\\/klyster-nijsbrief-nr-03-3\\\/#primaryimage\"},\"image\":{\"@id\":\"https:\\\/\\\/www.klyster.nl\\\/fy\\\/klyster-nijsbrief-nr-03-3\\\/#primaryimage\"},\"thumbnailUrl\":\"https:\\\/\\\/www.klyster.nl\\\/wp-content\\\/uploads\\\/2026\\\/04\\\/kuiken-1030x687-1.jpg\",\"datePublished\":\"2026-03-30T08:29:30+00:00\",\"dateModified\":\"2026-04-08T18:26:55+00:00\",\"breadcrumb\":{\"@id\":\"https:\\\/\\\/www.klyster.nl\\\/fy\\\/klyster-nijsbrief-nr-03-3\\\/#breadcrumb\"},\"inLanguage\":\"fy\",\"potentialAction\":[{\"@type\":\"ReadAction\",\"target\":[\"https:\\\/\\\/www.klyster.nl\\\/fy\\\/klyster-nijsbrief-nr-03-3\\\/\"]}]},{\"@type\":\"ImageObject\",\"inLanguage\":\"fy\",\"@id\":\"https:\\\/\\\/www.klyster.nl\\\/fy\\\/klyster-nijsbrief-nr-03-3\\\/#primaryimage\",\"url\":\"https:\\\/\\\/www.klyster.nl\\\/wp-content\\\/uploads\\\/2026\\\/04\\\/kuiken-1030x687-1.jpg\",\"contentUrl\":\"https:\\\/\\\/www.klyster.nl\\\/wp-content\\\/uploads\\\/2026\\\/04\\\/kuiken-1030x687-1.jpg\",\"width\":1030,\"height\":687},{\"@type\":\"BreadcrumbList\",\"@id\":\"https:\\\/\\\/www.klyster.nl\\\/fy\\\/klyster-nijsbrief-nr-03-3\\\/#breadcrumb\",\"itemListElement\":[{\"@type\":\"ListItem\",\"position\":1,\"name\":\"Home\",\"item\":\"https:\\\/\\\/www.klyster.nl\\\/fy\\\/\"},{\"@type\":\"ListItem\",\"position\":2,\"name\":\"Klyster nijsbrief nr. 03\"}]},{\"@type\":\"WebSite\",\"@id\":\"https:\\\/\\\/www.klyster.nl\\\/fy\\\/#website\",\"url\":\"https:\\\/\\\/www.klyster.nl\\\/fy\\\/\",\"name\":\"Natuur- en Milieu Educatie Centrum De Klyster\",\"description\":\"It NME-sintrum foar edukaasje yn natuer en duorsumens foar it basis\u00fbnderwiis yn Noardeast-Frysl\u00e2n.\",\"publisher\":{\"@id\":\"https:\\\/\\\/www.klyster.nl\\\/fy\\\/#organization\"},\"potentialAction\":[{\"@type\":\"SearchAction\",\"target\":{\"@type\":\"EntryPoint\",\"urlTemplate\":\"https:\\\/\\\/www.klyster.nl\\\/fy\\\/?s={search_term_string}\"},\"query-input\":{\"@type\":\"PropertyValueSpecification\",\"valueRequired\":true,\"valueName\":\"search_term_string\"}}],\"inLanguage\":\"fy\"},{\"@type\":\"Organization\",\"@id\":\"https:\\\/\\\/www.klyster.nl\\\/fy\\\/#organization\",\"name\":\"Natuur- en Milieu Educatie Centrum De Klyster\",\"url\":\"https:\\\/\\\/www.klyster.nl\\\/fy\\\/\",\"logo\":{\"@type\":\"ImageObject\",\"inLanguage\":\"fy\",\"@id\":\"https:\\\/\\\/www.klyster.nl\\\/fy\\\/#\\\/schema\\\/logo\\\/image\\\/\",\"url\":\"https:\\\/\\\/www.klyster.nl\\\/wp-content\\\/uploads\\\/2020\\\/03\\\/Logo-Klyster-NIEUW-scaled.jpg\",\"contentUrl\":\"https:\\\/\\\/www.klyster.nl\\\/wp-content\\\/uploads\\\/2020\\\/03\\\/Logo-Klyster-NIEUW-scaled.jpg\",\"width\":2560,\"height\":1345,\"caption\":\"Natuur- en Milieu Educatie Centrum De Klyster\"},\"image\":{\"@id\":\"https:\\\/\\\/www.klyster.nl\\\/fy\\\/#\\\/schema\\\/logo\\\/image\\\/\"},\"sameAs\":[\"https:\\\/\\\/www.facebook.com\\\/pages\\\/category\\\/Nonprofit-Organization\\\/De-Klyster-183815865735075\\\/\",\"https:\\\/\\\/www.instagram.com\\\/deklyster\\\/\"]},{\"@type\":\"Person\",\"@id\":\"https:\\\/\\\/www.klyster.nl\\\/fy\\\/#\\\/schema\\\/person\\\/21822e4a9dcd556dc7d6338a21dac3be\",\"name\":\"Jan Tiede Bouma\",\"image\":{\"@type\":\"ImageObject\",\"inLanguage\":\"fy\",\"@id\":\"https:\\\/\\\/secure.gravatar.com\\\/avatar\\\/1e2eada00e0c491b71aacf24904b29025b3ddc521e64d8554030e23288ab951e?s=96&d=mm&r=g\",\"url\":\"https:\\\/\\\/secure.gravatar.com\\\/avatar\\\/1e2eada00e0c491b71aacf24904b29025b3ddc521e64d8554030e23288ab951e?s=96&d=mm&r=g\",\"contentUrl\":\"https:\\\/\\\/secure.gravatar.com\\\/avatar\\\/1e2eada00e0c491b71aacf24904b29025b3ddc521e64d8554030e23288ab951e?s=96&d=mm&r=g\",\"caption\":\"Jan Tiede Bouma\"}}]}<\/script>\n<!-- \/ Yoast SEO plugin. -->","yoast_head_json":{"title":"Klyster nijsbrief nr. 03 | Natuur- en Milieu Educatie Centrum De Klyster","robots":{"index":"index","follow":"follow","max-snippet":"max-snippet:-1","max-image-preview":"max-image-preview:large","max-video-preview":"max-video-preview:-1"},"canonical":"https:\/\/www.klyster.nl\/fy\/klyster-nijsbrief-nr-03-3\/","og_locale":"en_US","og_type":"article","og_title":"Klyster nijsbrief nr. 03 | Natuur- en Milieu Educatie Centrum De Klyster","og_description":"B\u00easte nijsbriefl\u00eazer, Yn dizze nijsbrief omtinken foar: B\u00fbtenlesdei op 7 april &#8211; opjaan kin dizze wike noch! Digi les Kikker &amp; Pad &#8211; 15 april, opjaan kin no. Projekt Stinzeskatten \u2013 jou dy op foar de pilot Jierplan 2026 GFT, wat dochst dermei? \u2013 op tv Pykjes yn &#8216;e klasse &#8211; op tv dochbl\u00ead Wetterf\u00fbgels [&hellip;]","og_url":"https:\/\/www.klyster.nl\/fy\/klyster-nijsbrief-nr-03-3\/","og_site_name":"Natuur- en Milieu Educatie Centrum De Klyster","article_publisher":"https:\/\/www.facebook.com\/pages\/category\/Nonprofit-Organization\/De-Klyster-183815865735075\/","article_published_time":"2026-03-30T08:29:30+00:00","article_modified_time":"2026-04-08T18:26:55+00:00","og_image":[{"width":1030,"height":687,"url":"https:\/\/www.klyster.nl\/wp-content\/uploads\/2026\/04\/kuiken-1030x687-1.jpg","type":"image\/jpeg"}],"author":"Jan Tiede Bouma","twitter_card":"summary_large_image","schema":{"@context":"https:\/\/schema.org","@graph":[{"@type":"Article","@id":"https:\/\/www.klyster.nl\/fy\/klyster-nijsbrief-nr-03-3\/#article","isPartOf":{"@id":"https:\/\/www.klyster.nl\/fy\/klyster-nijsbrief-nr-03-3\/"},"author":{"name":"Jan Tiede Bouma","@id":"https:\/\/www.klyster.nl\/fy\/#\/schema\/person\/21822e4a9dcd556dc7d6338a21dac3be"},"headline":"Klyster nijsbrief nr. 03","datePublished":"2026-03-30T08:29:30+00:00","dateModified":"2026-04-08T18:26:55+00:00","mainEntityOfPage":{"@id":"https:\/\/www.klyster.nl\/fy\/klyster-nijsbrief-nr-03-3\/"},"wordCount":72,"publisher":{"@id":"https:\/\/www.klyster.nl\/fy\/#organization"},"image":{"@id":"https:\/\/www.klyster.nl\/fy\/klyster-nijsbrief-nr-03-3\/#primaryimage"},"thumbnailUrl":"https:\/\/www.klyster.nl\/wp-content\/uploads\/2026\/04\/kuiken-1030x687-1.jpg","articleSection":["Uncategorized @fy"],"inLanguage":"fy"},{"@type":"WebPage","@id":"https:\/\/www.klyster.nl\/fy\/klyster-nijsbrief-nr-03-3\/","url":"https:\/\/www.klyster.nl\/fy\/klyster-nijsbrief-nr-03-3\/","name":"Klyster nijsbrief nr. 03 | Natuur- en Milieu Educatie Centrum De Klyster","isPartOf":{"@id":"https:\/\/www.klyster.nl\/fy\/#website"},"primaryImageOfPage":{"@id":"https:\/\/www.klyster.nl\/fy\/klyster-nijsbrief-nr-03-3\/#primaryimage"},"image":{"@id":"https:\/\/www.klyster.nl\/fy\/klyster-nijsbrief-nr-03-3\/#primaryimage"},"thumbnailUrl":"https:\/\/www.klyster.nl\/wp-content\/uploads\/2026\/04\/kuiken-1030x687-1.jpg","datePublished":"2026-03-30T08:29:30+00:00","dateModified":"2026-04-08T18:26:55+00:00","breadcrumb":{"@id":"https:\/\/www.klyster.nl\/fy\/klyster-nijsbrief-nr-03-3\/#breadcrumb"},"inLanguage":"fy","potentialAction":[{"@type":"ReadAction","target":["https:\/\/www.klyster.nl\/fy\/klyster-nijsbrief-nr-03-3\/"]}]},{"@type":"ImageObject","inLanguage":"fy","@id":"https:\/\/www.klyster.nl\/fy\/klyster-nijsbrief-nr-03-3\/#primaryimage","url":"https:\/\/www.klyster.nl\/wp-content\/uploads\/2026\/04\/kuiken-1030x687-1.jpg","contentUrl":"https:\/\/www.klyster.nl\/wp-content\/uploads\/2026\/04\/kuiken-1030x687-1.jpg","width":1030,"height":687},{"@type":"BreadcrumbList","@id":"https:\/\/www.klyster.nl\/fy\/klyster-nijsbrief-nr-03-3\/#breadcrumb","itemListElement":[{"@type":"ListItem","position":1,"name":"Home","item":"https:\/\/www.klyster.nl\/fy\/"},{"@type":"ListItem","position":2,"name":"Klyster nijsbrief nr. 03"}]},{"@type":"WebSite","@id":"https:\/\/www.klyster.nl\/fy\/#website","url":"https:\/\/www.klyster.nl\/fy\/","name":"Natuur- en Milieu Educatie Centrum De Klyster","description":"It NME-sintrum foar edukaasje yn natuer en duorsumens foar it basis\u00fbnderwiis yn Noardeast-Frysl\u00e2n.","publisher":{"@id":"https:\/\/www.klyster.nl\/fy\/#organization"},"potentialAction":[{"@type":"SearchAction","target":{"@type":"EntryPoint","urlTemplate":"https:\/\/www.klyster.nl\/fy\/?s={search_term_string}"},"query-input":{"@type":"PropertyValueSpecification","valueRequired":true,"valueName":"search_term_string"}}],"inLanguage":"fy"},{"@type":"Organization","@id":"https:\/\/www.klyster.nl\/fy\/#organization","name":"Natuur- en Milieu Educatie Centrum De Klyster","url":"https:\/\/www.klyster.nl\/fy\/","logo":{"@type":"ImageObject","inLanguage":"fy","@id":"https:\/\/www.klyster.nl\/fy\/#\/schema\/logo\/image\/","url":"https:\/\/www.klyster.nl\/wp-content\/uploads\/2020\/03\/Logo-Klyster-NIEUW-scaled.jpg","contentUrl":"https:\/\/www.klyster.nl\/wp-content\/uploads\/2020\/03\/Logo-Klyster-NIEUW-scaled.jpg","width":2560,"height":1345,"caption":"Natuur- en Milieu Educatie Centrum De Klyster"},"image":{"@id":"https:\/\/www.klyster.nl\/fy\/#\/schema\/logo\/image\/"},"sameAs":["https:\/\/www.facebook.com\/pages\/category\/Nonprofit-Organization\/De-Klyster-183815865735075\/","https:\/\/www.instagram.com\/deklyster\/"]},{"@type":"Person","@id":"https:\/\/www.klyster.nl\/fy\/#\/schema\/person\/21822e4a9dcd556dc7d6338a21dac3be","name":"Jan Tiede Bouma","image":{"@type":"ImageObject","inLanguage":"fy","@id":"https:\/\/secure.gravatar.com\/avatar\/1e2eada00e0c491b71aacf24904b29025b3ddc521e64d8554030e23288ab951e?s=96&d=mm&r=g","url":"https:\/\/secure.gravatar.com\/avatar\/1e2eada00e0c491b71aacf24904b29025b3ddc521e64d8554030e23288ab951e?s=96&d=mm&r=g","contentUrl":"https:\/\/secure.gravatar.com\/avatar\/1e2eada00e0c491b71aacf24904b29025b3ddc521e64d8554030e23288ab951e?s=96&d=mm&r=g","caption":"Jan Tiede Bouma"}}]}},"_links":{"self":[{"href":"https:\/\/www.klyster.nl\/fy\/wp-json\/wp\/v2\/posts\/101398","targetHints":{"allow":["GET"]}}],"collection":[{"href":"https:\/\/www.klyster.nl\/fy\/wp-json\/wp\/v2\/posts"}],"about":[{"href":"https:\/\/www.klyster.nl\/fy\/wp-json\/wp\/v2\/types\/post"}],"author":[{"embeddable":true,"href":"https:\/\/www.klyster.nl\/fy\/wp-json\/wp\/v2\/users\/707"}],"replies":[{"embeddable":true,"href":"https:\/\/www.klyster.nl\/fy\/wp-json\/wp\/v2\/comments?post=101398"}],"version-history":[{"count":2,"href":"https:\/\/www.klyster.nl\/fy\/wp-json\/wp\/v2\/posts\/101398\/revisions"}],"predecessor-version":[{"id":101400,"href":"https:\/\/www.klyster.nl\/fy\/wp-json\/wp\/v2\/posts\/101398\/revisions\/101400"}],"wp:featuredmedia":[{"embeddable":true,"href":"https:\/\/www.klyster.nl\/fy\/wp-json\/wp\/v2\/media\/101367"}],"wp:attachment":[{"href":"https:\/\/www.klyster.nl\/fy\/wp-json\/wp\/v2\/media?parent=101398"}],"wp:term":[{"taxonomy":"category","embeddable":true,"href":"https:\/\/www.klyster.nl\/fy\/wp-json\/wp\/v2\/categories?post=101398"},{"taxonomy":"post_tag","embeddable":true,"href":"https:\/\/www.klyster.nl\/fy\/wp-json\/wp\/v2\/tags?post=101398"}],"curies":[{"name":"wp","href":"https:\/\/api.w.org\/{rel}","templated":true}]}}