{"id":101395,"date":"2026-04-07T11:51:19","date_gmt":"2026-04-07T09:51:19","guid":{"rendered":"https:\/\/www.klyster.nl\/?p=101395"},"modified":"2026-04-08T20:19:55","modified_gmt":"2026-04-08T18:19:55","slug":"yn-e-parse-butenlesdei-560-learlingen","status":"publish","type":"post","link":"https:\/\/www.klyster.nl\/fy\/yn-e-parse-butenlesdei-560-learlingen\/","title":{"rendered":"yn &#8216;e parse &#8211; B\u00fbtenlesdei 560 learlingen"},"content":{"rendered":"<p><strong>Tiisdei 7 april 2026 wie it de 11e edysje fan de Nasjonale B\u00fbtenlesdei 2026. Yn de gemeenten Dantumadiel en Noardeast-Frysl\u00e2n giene op 7 skoallen 560 learlingen nei b\u00fbten om d\u00ear les te krijen.<\/strong><\/p>\n<p>De Klyster fasilitearre de dielnimmende skoallen fan Lentebingo-speurkaarten. Fierder wie der foar elk bern in lekkere apel en waard der wetter dronken.<\/p>\n<p>L\u00eas yn it parseberjocht hoe&#8217;t juf Dani\u00eblle van SBO De Twine mei har groep 8 de b\u00fbtenles fierd hat.<\/p>\n<p><a href=\"https:\/\/www.rtvnof.nl\/nationale-buitenlesdag-560-leerlingen-in-de-regio-naar-buiten\/740850\/\">Nationale buitenlesdag: 560 leerlingen in de regio naar buiten &#8211; RTV NOF Nieuws<\/a><\/p>\n<p>&nbsp;<\/p>\n","protected":false},"excerpt":{"rendered":"<p>Tiisdei 7 april 2026 wie it de 11e edysje fan de Nasjonale B\u00fbtenlesdei 2026. Yn de gemeenten Dantumadiel en Noardeast-Frysl\u00e2n giene op 7 skoallen 560 learlingen nei b\u00fbten om d\u00ear les te krijen. De Klyster fasilitearre de dielnimmende skoallen fan Lentebingo-speurkaarten. Fierder wie der foar elk bern in lekkere apel en waard der wetter dronken. [&hellip;]<\/p>\n","protected":false},"author":707,"featured_media":101374,"comment_status":"closed","ping_status":"open","sticky":false,"template":"","format":"standard","meta":{"_acf_changed":false,"footnotes":""},"categories":[493],"tags":[],"class_list":["post-101395","post","type-post","status-publish","format-standard","has-post-thumbnail","hentry","category-uncategorized-fy"],"acf":[],"yoast_head":"<!-- This site is optimized with the Yoast SEO plugin v27.4 - https:\/\/yoast.com\/product\/yoast-seo-wordpress\/ -->\n<title>yn &#039;e parse - B\u00fbtenlesdei 560 learlingen | Natuur- en Milieu Educatie Centrum De Klyster<\/title>\n<meta name=\"robots\" content=\"index, follow, max-snippet:-1, max-image-preview:large, max-video-preview:-1\" \/>\n<link rel=\"canonical\" href=\"https:\/\/www.klyster.nl\/fy\/yn-e-parse-butenlesdei-560-learlingen\/\" \/>\n<meta property=\"og:locale\" content=\"en_US\" \/>\n<meta property=\"og:type\" content=\"article\" \/>\n<meta property=\"og:title\" content=\"yn &#039;e parse - B\u00fbtenlesdei 560 learlingen | Natuur- en Milieu Educatie Centrum De Klyster\" \/>\n<meta property=\"og:description\" content=\"Tiisdei 7 april 2026 wie it de 11e edysje fan de Nasjonale B\u00fbtenlesdei 2026. Yn de gemeenten Dantumadiel en Noardeast-Frysl\u00e2n giene op 7 skoallen 560 learlingen nei b\u00fbten om d\u00ear les te krijen. De Klyster fasilitearre de dielnimmende skoallen fan Lentebingo-speurkaarten. Fierder wie der foar elk bern in lekkere apel en waard der wetter dronken. [&hellip;]\" \/>\n<meta property=\"og:url\" content=\"https:\/\/www.klyster.nl\/fy\/yn-e-parse-butenlesdei-560-learlingen\/\" \/>\n<meta property=\"og:site_name\" content=\"Natuur- en Milieu Educatie Centrum De Klyster\" \/>\n<meta property=\"article:publisher\" content=\"https:\/\/www.facebook.com\/pages\/category\/Nonprofit-Organization\/De-Klyster-183815865735075\/\" \/>\n<meta property=\"article:published_time\" content=\"2026-04-07T09:51:19+00:00\" \/>\n<meta property=\"article:modified_time\" content=\"2026-04-08T18:19:55+00:00\" \/>\n<meta property=\"og:image\" content=\"https:\/\/www.klyster.nl\/wp-content\/uploads\/2026\/04\/2026-Buitenlesdag-SBO-De-Twine-wijzende-kinderen-1030x579.jpeg\" \/>\n\t<meta property=\"og:image:width\" content=\"1030\" \/>\n\t<meta property=\"og:image:height\" content=\"579\" \/>\n\t<meta property=\"og:image:type\" content=\"image\/jpeg\" \/>\n<meta name=\"author\" content=\"Jan Tiede Bouma\" \/>\n<meta name=\"twitter:card\" content=\"summary_large_image\" \/>\n<script type=\"application\/ld+json\" class=\"yoast-schema-graph\">{\"@context\":\"https:\\\/\\\/schema.org\",\"@graph\":[{\"@type\":\"Article\",\"@id\":\"https:\\\/\\\/www.klyster.nl\\\/fy\\\/yn-e-parse-butenlesdei-560-learlingen\\\/#article\",\"isPartOf\":{\"@id\":\"https:\\\/\\\/www.klyster.nl\\\/fy\\\/yn-e-parse-butenlesdei-560-learlingen\\\/\"},\"author\":{\"name\":\"Jan Tiede Bouma\",\"@id\":\"https:\\\/\\\/www.klyster.nl\\\/fy\\\/#\\\/schema\\\/person\\\/21822e4a9dcd556dc7d6338a21dac3be\"},\"headline\":\"yn &#8216;e parse &#8211; B\u00fbtenlesdei 560 learlingen\",\"datePublished\":\"2026-04-07T09:51:19+00:00\",\"dateModified\":\"2026-04-08T18:19:55+00:00\",\"mainEntityOfPage\":{\"@id\":\"https:\\\/\\\/www.klyster.nl\\\/fy\\\/yn-e-parse-butenlesdei-560-learlingen\\\/\"},\"wordCount\":96,\"publisher\":{\"@id\":\"https:\\\/\\\/www.klyster.nl\\\/fy\\\/#organization\"},\"image\":{\"@id\":\"https:\\\/\\\/www.klyster.nl\\\/fy\\\/yn-e-parse-butenlesdei-560-learlingen\\\/#primaryimage\"},\"thumbnailUrl\":\"https:\\\/\\\/www.klyster.nl\\\/wp-content\\\/uploads\\\/2026\\\/04\\\/2026-Buitenlesdag-SBO-De-Twine-wijzende-kinderen-scaled.jpeg\",\"articleSection\":[\"Uncategorized @fy\"],\"inLanguage\":\"fy\"},{\"@type\":\"WebPage\",\"@id\":\"https:\\\/\\\/www.klyster.nl\\\/fy\\\/yn-e-parse-butenlesdei-560-learlingen\\\/\",\"url\":\"https:\\\/\\\/www.klyster.nl\\\/fy\\\/yn-e-parse-butenlesdei-560-learlingen\\\/\",\"name\":\"yn 'e parse - B\u00fbtenlesdei 560 learlingen | Natuur- en Milieu Educatie Centrum De Klyster\",\"isPartOf\":{\"@id\":\"https:\\\/\\\/www.klyster.nl\\\/fy\\\/#website\"},\"primaryImageOfPage\":{\"@id\":\"https:\\\/\\\/www.klyster.nl\\\/fy\\\/yn-e-parse-butenlesdei-560-learlingen\\\/#primaryimage\"},\"image\":{\"@id\":\"https:\\\/\\\/www.klyster.nl\\\/fy\\\/yn-e-parse-butenlesdei-560-learlingen\\\/#primaryimage\"},\"thumbnailUrl\":\"https:\\\/\\\/www.klyster.nl\\\/wp-content\\\/uploads\\\/2026\\\/04\\\/2026-Buitenlesdag-SBO-De-Twine-wijzende-kinderen-scaled.jpeg\",\"datePublished\":\"2026-04-07T09:51:19+00:00\",\"dateModified\":\"2026-04-08T18:19:55+00:00\",\"breadcrumb\":{\"@id\":\"https:\\\/\\\/www.klyster.nl\\\/fy\\\/yn-e-parse-butenlesdei-560-learlingen\\\/#breadcrumb\"},\"inLanguage\":\"fy\",\"potentialAction\":[{\"@type\":\"ReadAction\",\"target\":[\"https:\\\/\\\/www.klyster.nl\\\/fy\\\/yn-e-parse-butenlesdei-560-learlingen\\\/\"]}]},{\"@type\":\"ImageObject\",\"inLanguage\":\"fy\",\"@id\":\"https:\\\/\\\/www.klyster.nl\\\/fy\\\/yn-e-parse-butenlesdei-560-learlingen\\\/#primaryimage\",\"url\":\"https:\\\/\\\/www.klyster.nl\\\/wp-content\\\/uploads\\\/2026\\\/04\\\/2026-Buitenlesdag-SBO-De-Twine-wijzende-kinderen-scaled.jpeg\",\"contentUrl\":\"https:\\\/\\\/www.klyster.nl\\\/wp-content\\\/uploads\\\/2026\\\/04\\\/2026-Buitenlesdag-SBO-De-Twine-wijzende-kinderen-scaled.jpeg\",\"width\":2560,\"height\":1440},{\"@type\":\"BreadcrumbList\",\"@id\":\"https:\\\/\\\/www.klyster.nl\\\/fy\\\/yn-e-parse-butenlesdei-560-learlingen\\\/#breadcrumb\",\"itemListElement\":[{\"@type\":\"ListItem\",\"position\":1,\"name\":\"Home\",\"item\":\"https:\\\/\\\/www.klyster.nl\\\/fy\\\/\"},{\"@type\":\"ListItem\",\"position\":2,\"name\":\"yn &#8216;e parse &#8211; B\u00fbtenlesdei 560 learlingen\"}]},{\"@type\":\"WebSite\",\"@id\":\"https:\\\/\\\/www.klyster.nl\\\/fy\\\/#website\",\"url\":\"https:\\\/\\\/www.klyster.nl\\\/fy\\\/\",\"name\":\"Natuur- en Milieu Educatie Centrum De Klyster\",\"description\":\"It NME-sintrum foar edukaasje yn natuer en duorsumens foar it basis\u00fbnderwiis yn Noardeast-Frysl\u00e2n.\",\"publisher\":{\"@id\":\"https:\\\/\\\/www.klyster.nl\\\/fy\\\/#organization\"},\"potentialAction\":[{\"@type\":\"SearchAction\",\"target\":{\"@type\":\"EntryPoint\",\"urlTemplate\":\"https:\\\/\\\/www.klyster.nl\\\/fy\\\/?s={search_term_string}\"},\"query-input\":{\"@type\":\"PropertyValueSpecification\",\"valueRequired\":true,\"valueName\":\"search_term_string\"}}],\"inLanguage\":\"fy\"},{\"@type\":\"Organization\",\"@id\":\"https:\\\/\\\/www.klyster.nl\\\/fy\\\/#organization\",\"name\":\"Natuur- en Milieu Educatie Centrum De Klyster\",\"url\":\"https:\\\/\\\/www.klyster.nl\\\/fy\\\/\",\"logo\":{\"@type\":\"ImageObject\",\"inLanguage\":\"fy\",\"@id\":\"https:\\\/\\\/www.klyster.nl\\\/fy\\\/#\\\/schema\\\/logo\\\/image\\\/\",\"url\":\"https:\\\/\\\/www.klyster.nl\\\/wp-content\\\/uploads\\\/2020\\\/03\\\/Logo-Klyster-NIEUW-scaled.jpg\",\"contentUrl\":\"https:\\\/\\\/www.klyster.nl\\\/wp-content\\\/uploads\\\/2020\\\/03\\\/Logo-Klyster-NIEUW-scaled.jpg\",\"width\":2560,\"height\":1345,\"caption\":\"Natuur- en Milieu Educatie Centrum De Klyster\"},\"image\":{\"@id\":\"https:\\\/\\\/www.klyster.nl\\\/fy\\\/#\\\/schema\\\/logo\\\/image\\\/\"},\"sameAs\":[\"https:\\\/\\\/www.facebook.com\\\/pages\\\/category\\\/Nonprofit-Organization\\\/De-Klyster-183815865735075\\\/\",\"https:\\\/\\\/www.instagram.com\\\/deklyster\\\/\"]},{\"@type\":\"Person\",\"@id\":\"https:\\\/\\\/www.klyster.nl\\\/fy\\\/#\\\/schema\\\/person\\\/21822e4a9dcd556dc7d6338a21dac3be\",\"name\":\"Jan Tiede Bouma\",\"image\":{\"@type\":\"ImageObject\",\"inLanguage\":\"fy\",\"@id\":\"https:\\\/\\\/secure.gravatar.com\\\/avatar\\\/1e2eada00e0c491b71aacf24904b29025b3ddc521e64d8554030e23288ab951e?s=96&d=mm&r=g\",\"url\":\"https:\\\/\\\/secure.gravatar.com\\\/avatar\\\/1e2eada00e0c491b71aacf24904b29025b3ddc521e64d8554030e23288ab951e?s=96&d=mm&r=g\",\"contentUrl\":\"https:\\\/\\\/secure.gravatar.com\\\/avatar\\\/1e2eada00e0c491b71aacf24904b29025b3ddc521e64d8554030e23288ab951e?s=96&d=mm&r=g\",\"caption\":\"Jan Tiede Bouma\"}}]}<\/script>\n<!-- \/ Yoast SEO plugin. -->","yoast_head_json":{"title":"yn 'e parse - B\u00fbtenlesdei 560 learlingen | Natuur- en Milieu Educatie Centrum De Klyster","robots":{"index":"index","follow":"follow","max-snippet":"max-snippet:-1","max-image-preview":"max-image-preview:large","max-video-preview":"max-video-preview:-1"},"canonical":"https:\/\/www.klyster.nl\/fy\/yn-e-parse-butenlesdei-560-learlingen\/","og_locale":"en_US","og_type":"article","og_title":"yn 'e parse - B\u00fbtenlesdei 560 learlingen | Natuur- en Milieu Educatie Centrum De Klyster","og_description":"Tiisdei 7 april 2026 wie it de 11e edysje fan de Nasjonale B\u00fbtenlesdei 2026. Yn de gemeenten Dantumadiel en Noardeast-Frysl\u00e2n giene op 7 skoallen 560 learlingen nei b\u00fbten om d\u00ear les te krijen. De Klyster fasilitearre de dielnimmende skoallen fan Lentebingo-speurkaarten. Fierder wie der foar elk bern in lekkere apel en waard der wetter dronken. [&hellip;]","og_url":"https:\/\/www.klyster.nl\/fy\/yn-e-parse-butenlesdei-560-learlingen\/","og_site_name":"Natuur- en Milieu Educatie Centrum De Klyster","article_publisher":"https:\/\/www.facebook.com\/pages\/category\/Nonprofit-Organization\/De-Klyster-183815865735075\/","article_published_time":"2026-04-07T09:51:19+00:00","article_modified_time":"2026-04-08T18:19:55+00:00","og_image":[{"width":1030,"height":579,"url":"https:\/\/www.klyster.nl\/wp-content\/uploads\/2026\/04\/2026-Buitenlesdag-SBO-De-Twine-wijzende-kinderen-1030x579.jpeg","type":"image\/jpeg"}],"author":"Jan Tiede Bouma","twitter_card":"summary_large_image","schema":{"@context":"https:\/\/schema.org","@graph":[{"@type":"Article","@id":"https:\/\/www.klyster.nl\/fy\/yn-e-parse-butenlesdei-560-learlingen\/#article","isPartOf":{"@id":"https:\/\/www.klyster.nl\/fy\/yn-e-parse-butenlesdei-560-learlingen\/"},"author":{"name":"Jan Tiede Bouma","@id":"https:\/\/www.klyster.nl\/fy\/#\/schema\/person\/21822e4a9dcd556dc7d6338a21dac3be"},"headline":"yn &#8216;e parse &#8211; B\u00fbtenlesdei 560 learlingen","datePublished":"2026-04-07T09:51:19+00:00","dateModified":"2026-04-08T18:19:55+00:00","mainEntityOfPage":{"@id":"https:\/\/www.klyster.nl\/fy\/yn-e-parse-butenlesdei-560-learlingen\/"},"wordCount":96,"publisher":{"@id":"https:\/\/www.klyster.nl\/fy\/#organization"},"image":{"@id":"https:\/\/www.klyster.nl\/fy\/yn-e-parse-butenlesdei-560-learlingen\/#primaryimage"},"thumbnailUrl":"https:\/\/www.klyster.nl\/wp-content\/uploads\/2026\/04\/2026-Buitenlesdag-SBO-De-Twine-wijzende-kinderen-scaled.jpeg","articleSection":["Uncategorized @fy"],"inLanguage":"fy"},{"@type":"WebPage","@id":"https:\/\/www.klyster.nl\/fy\/yn-e-parse-butenlesdei-560-learlingen\/","url":"https:\/\/www.klyster.nl\/fy\/yn-e-parse-butenlesdei-560-learlingen\/","name":"yn 'e parse - B\u00fbtenlesdei 560 learlingen | Natuur- en Milieu Educatie Centrum De Klyster","isPartOf":{"@id":"https:\/\/www.klyster.nl\/fy\/#website"},"primaryImageOfPage":{"@id":"https:\/\/www.klyster.nl\/fy\/yn-e-parse-butenlesdei-560-learlingen\/#primaryimage"},"image":{"@id":"https:\/\/www.klyster.nl\/fy\/yn-e-parse-butenlesdei-560-learlingen\/#primaryimage"},"thumbnailUrl":"https:\/\/www.klyster.nl\/wp-content\/uploads\/2026\/04\/2026-Buitenlesdag-SBO-De-Twine-wijzende-kinderen-scaled.jpeg","datePublished":"2026-04-07T09:51:19+00:00","dateModified":"2026-04-08T18:19:55+00:00","breadcrumb":{"@id":"https:\/\/www.klyster.nl\/fy\/yn-e-parse-butenlesdei-560-learlingen\/#breadcrumb"},"inLanguage":"fy","potentialAction":[{"@type":"ReadAction","target":["https:\/\/www.klyster.nl\/fy\/yn-e-parse-butenlesdei-560-learlingen\/"]}]},{"@type":"ImageObject","inLanguage":"fy","@id":"https:\/\/www.klyster.nl\/fy\/yn-e-parse-butenlesdei-560-learlingen\/#primaryimage","url":"https:\/\/www.klyster.nl\/wp-content\/uploads\/2026\/04\/2026-Buitenlesdag-SBO-De-Twine-wijzende-kinderen-scaled.jpeg","contentUrl":"https:\/\/www.klyster.nl\/wp-content\/uploads\/2026\/04\/2026-Buitenlesdag-SBO-De-Twine-wijzende-kinderen-scaled.jpeg","width":2560,"height":1440},{"@type":"BreadcrumbList","@id":"https:\/\/www.klyster.nl\/fy\/yn-e-parse-butenlesdei-560-learlingen\/#breadcrumb","itemListElement":[{"@type":"ListItem","position":1,"name":"Home","item":"https:\/\/www.klyster.nl\/fy\/"},{"@type":"ListItem","position":2,"name":"yn &#8216;e parse &#8211; B\u00fbtenlesdei 560 learlingen"}]},{"@type":"WebSite","@id":"https:\/\/www.klyster.nl\/fy\/#website","url":"https:\/\/www.klyster.nl\/fy\/","name":"Natuur- en Milieu Educatie Centrum De Klyster","description":"It NME-sintrum foar edukaasje yn natuer en duorsumens foar it basis\u00fbnderwiis yn Noardeast-Frysl\u00e2n.","publisher":{"@id":"https:\/\/www.klyster.nl\/fy\/#organization"},"potentialAction":[{"@type":"SearchAction","target":{"@type":"EntryPoint","urlTemplate":"https:\/\/www.klyster.nl\/fy\/?s={search_term_string}"},"query-input":{"@type":"PropertyValueSpecification","valueRequired":true,"valueName":"search_term_string"}}],"inLanguage":"fy"},{"@type":"Organization","@id":"https:\/\/www.klyster.nl\/fy\/#organization","name":"Natuur- en Milieu Educatie Centrum De Klyster","url":"https:\/\/www.klyster.nl\/fy\/","logo":{"@type":"ImageObject","inLanguage":"fy","@id":"https:\/\/www.klyster.nl\/fy\/#\/schema\/logo\/image\/","url":"https:\/\/www.klyster.nl\/wp-content\/uploads\/2020\/03\/Logo-Klyster-NIEUW-scaled.jpg","contentUrl":"https:\/\/www.klyster.nl\/wp-content\/uploads\/2020\/03\/Logo-Klyster-NIEUW-scaled.jpg","width":2560,"height":1345,"caption":"Natuur- en Milieu Educatie Centrum De Klyster"},"image":{"@id":"https:\/\/www.klyster.nl\/fy\/#\/schema\/logo\/image\/"},"sameAs":["https:\/\/www.facebook.com\/pages\/category\/Nonprofit-Organization\/De-Klyster-183815865735075\/","https:\/\/www.instagram.com\/deklyster\/"]},{"@type":"Person","@id":"https:\/\/www.klyster.nl\/fy\/#\/schema\/person\/21822e4a9dcd556dc7d6338a21dac3be","name":"Jan Tiede Bouma","image":{"@type":"ImageObject","inLanguage":"fy","@id":"https:\/\/secure.gravatar.com\/avatar\/1e2eada00e0c491b71aacf24904b29025b3ddc521e64d8554030e23288ab951e?s=96&d=mm&r=g","url":"https:\/\/secure.gravatar.com\/avatar\/1e2eada00e0c491b71aacf24904b29025b3ddc521e64d8554030e23288ab951e?s=96&d=mm&r=g","contentUrl":"https:\/\/secure.gravatar.com\/avatar\/1e2eada00e0c491b71aacf24904b29025b3ddc521e64d8554030e23288ab951e?s=96&d=mm&r=g","caption":"Jan Tiede Bouma"}}]}},"_links":{"self":[{"href":"https:\/\/www.klyster.nl\/fy\/wp-json\/wp\/v2\/posts\/101395","targetHints":{"allow":["GET"]}}],"collection":[{"href":"https:\/\/www.klyster.nl\/fy\/wp-json\/wp\/v2\/posts"}],"about":[{"href":"https:\/\/www.klyster.nl\/fy\/wp-json\/wp\/v2\/types\/post"}],"author":[{"embeddable":true,"href":"https:\/\/www.klyster.nl\/fy\/wp-json\/wp\/v2\/users\/707"}],"replies":[{"embeddable":true,"href":"https:\/\/www.klyster.nl\/fy\/wp-json\/wp\/v2\/comments?post=101395"}],"version-history":[{"count":2,"href":"https:\/\/www.klyster.nl\/fy\/wp-json\/wp\/v2\/posts\/101395\/revisions"}],"predecessor-version":[{"id":101397,"href":"https:\/\/www.klyster.nl\/fy\/wp-json\/wp\/v2\/posts\/101395\/revisions\/101397"}],"wp:featuredmedia":[{"embeddable":true,"href":"https:\/\/www.klyster.nl\/fy\/wp-json\/wp\/v2\/media\/101374"}],"wp:attachment":[{"href":"https:\/\/www.klyster.nl\/fy\/wp-json\/wp\/v2\/media?parent=101395"}],"wp:term":[{"taxonomy":"category","embeddable":true,"href":"https:\/\/www.klyster.nl\/fy\/wp-json\/wp\/v2\/categories?post=101395"},{"taxonomy":"post_tag","embeddable":true,"href":"https:\/\/www.klyster.nl\/fy\/wp-json\/wp\/v2\/tags?post=101395"}],"curies":[{"name":"wp","href":"https:\/\/api.w.org\/{rel}","templated":true}]}}