{"id":101392,"date":"2026-04-04T12:21:13","date_gmt":"2026-04-04T10:21:13","guid":{"rendered":"https:\/\/www.klyster.nl\/?p=101392"},"modified":"2026-04-08T20:15:57","modified_gmt":"2026-04-08T18:15:57","slug":"yn-e-parse-klyster-iepenet-eksposysje-stinzenpracht","status":"publish","type":"post","link":"https:\/\/www.klyster.nl\/fy\/yn-e-parse-klyster-iepenet-eksposysje-stinzenpracht\/","title":{"rendered":"yn &#8216;e parse &#8211; Klyster iepenet eksposysje Stinzenpracht"},"content":{"rendered":"<p>Sneon 4 april 2026 hat <strong>Marjolein Staal fan De Klyster<\/strong> \u00fbnder grutte belangstelling, de <strong>eksposysje Stinzenpracht<\/strong> iepene yn de Schierstins fan Feanw\u00e2lden. <strong>Joke Stapensea en Irene Feenstra<\/strong> eksposearje o\/m 17 maaie 2026 yn de Skierstins mei etsen en artistike foto&#8217;s d\u00ear&#8217;t stinzeplanten sintraal yn steane. Moarns waard omtinken j\u00fbn oan de eksposysje by <strong>it programma Op &amp; Ut fan Omrop Frysl\u00e2n.<\/strong><\/p>\n<p>Marjolein beklamme yn har iepeningswurd de grutte wearde fan grien kultureel erfgoed foar it bioferskaat. Stinzen binne stiennen huzen mei b\u00fbtenpleats d\u00ear&#8217;t rike minsken wennen. Hja datearje \u00fat de midsiuwen (Frysl\u00e2n ken gjin kastielen). Stinzeplantsjes binne eartiids troch de adel fan\u00fat it b\u00fbtenl\u00e2n as s\u00fbvenir nei \u00fas l\u00e2n brocht. Se fielden har sa th\u00fas dat se ferwyldere binne en hjir yntusken in belangrike skeakel binne yn de natuer. <em>&#8220;Keunstners litte \u00fas de skjintme fan de stinzefloara sjen, w\u00eartroch&#8217;t \u00fas eagen iepene wurde foar dizze prachtige maitiidsbloeiers. It is wichtich om dy d\u00earfan bewust te w\u00eazen. En omdat it bioferskaat efter\u00fat giet is it wichtich om ek jongerein by stinzen en stinzefloara te bel\u00fbken foar edukaasje. Sa fine natuer en kultuer inoar&#8221;,<\/em> sa seit Marjolein.<\/p>\n<p><em>&#8220;De Klyster hat d\u00earom dit jier in edukatyf projekt \u00fbntwikkele oer stinzeplanten mei de namme <strong>Stinzeskatten<\/strong>. In pilotprojekt rint op dit stuit \u00fbnder oare by De Schierstins. Tsien skoallen dogge mei en gean op ekskurzje, krije in gastles en meitsje natuerfoto&#8217;s fan stinzeplanten. De b\u00easte natuerfoto&#8217;s sille ynkoarten taheakke wurde oan de keunsteksposysje, en sa komt alles moai byinoar&#8221;.<\/em><\/p>\n<p>De eksposysje is noch oant 17 maaie te besjen.<\/p>\n<p>&nbsp;<\/p>\n","protected":false},"excerpt":{"rendered":"<p>Sneon 4 april 2026 hat Marjolein Staal fan De Klyster \u00fbnder grutte belangstelling, de eksposysje Stinzenpracht iepene yn de Schierstins fan Feanw\u00e2lden. Joke Stapensea en Irene Feenstra eksposearje o\/m 17 maaie 2026 yn de Skierstins mei etsen en artistike foto&#8217;s d\u00ear&#8217;t stinzeplanten sintraal yn steane. Moarns waard omtinken j\u00fbn oan de eksposysje by it programma [&hellip;]<\/p>\n","protected":false},"author":707,"featured_media":101379,"comment_status":"closed","ping_status":"open","sticky":false,"template":"","format":"standard","meta":{"_acf_changed":false,"footnotes":""},"categories":[493],"tags":[],"class_list":["post-101392","post","type-post","status-publish","format-standard","has-post-thumbnail","hentry","category-uncategorized-fy"],"acf":[],"yoast_head":"<!-- This site is optimized with the Yoast SEO plugin v27.4 - https:\/\/yoast.com\/product\/yoast-seo-wordpress\/ -->\n<title>yn &#039;e parse - Klyster iepenet eksposysje Stinzenpracht | Natuur- en Milieu Educatie Centrum De Klyster<\/title>\n<meta name=\"robots\" content=\"index, follow, max-snippet:-1, max-image-preview:large, max-video-preview:-1\" \/>\n<link rel=\"canonical\" href=\"https:\/\/www.klyster.nl\/fy\/yn-e-parse-klyster-iepenet-eksposysje-stinzenpracht\/\" \/>\n<meta property=\"og:locale\" content=\"en_US\" \/>\n<meta property=\"og:type\" content=\"article\" \/>\n<meta property=\"og:title\" content=\"yn &#039;e parse - Klyster iepenet eksposysje Stinzenpracht | Natuur- en Milieu Educatie Centrum De Klyster\" \/>\n<meta property=\"og:description\" content=\"Sneon 4 april 2026 hat Marjolein Staal fan De Klyster \u00fbnder grutte belangstelling, de eksposysje Stinzenpracht iepene yn de Schierstins fan Feanw\u00e2lden. Joke Stapensea en Irene Feenstra eksposearje o\/m 17 maaie 2026 yn de Skierstins mei etsen en artistike foto&#8217;s d\u00ear&#8217;t stinzeplanten sintraal yn steane. Moarns waard omtinken j\u00fbn oan de eksposysje by it programma [&hellip;]\" \/>\n<meta property=\"og:url\" content=\"https:\/\/www.klyster.nl\/fy\/yn-e-parse-klyster-iepenet-eksposysje-stinzenpracht\/\" \/>\n<meta property=\"og:site_name\" content=\"Natuur- en Milieu Educatie Centrum De Klyster\" \/>\n<meta property=\"article:publisher\" content=\"https:\/\/www.facebook.com\/pages\/category\/Nonprofit-Organization\/De-Klyster-183815865735075\/\" \/>\n<meta property=\"article:published_time\" content=\"2026-04-04T10:21:13+00:00\" \/>\n<meta property=\"article:modified_time\" content=\"2026-04-08T18:15:57+00:00\" \/>\n<meta property=\"og:image\" content=\"https:\/\/www.klyster.nl\/wp-content\/uploads\/2026\/04\/Uitnodiging-expositie-Stinzenkunst.jpg\" \/>\n\t<meta property=\"og:image:width\" content=\"807\" \/>\n\t<meta property=\"og:image:height\" content=\"1280\" \/>\n\t<meta property=\"og:image:type\" content=\"image\/jpeg\" \/>\n<meta name=\"author\" content=\"Jan Tiede Bouma\" \/>\n<meta name=\"twitter:card\" content=\"summary_large_image\" \/>\n<script type=\"application\/ld+json\" class=\"yoast-schema-graph\">{\"@context\":\"https:\\\/\\\/schema.org\",\"@graph\":[{\"@type\":\"Article\",\"@id\":\"https:\\\/\\\/www.klyster.nl\\\/fy\\\/yn-e-parse-klyster-iepenet-eksposysje-stinzenpracht\\\/#article\",\"isPartOf\":{\"@id\":\"https:\\\/\\\/www.klyster.nl\\\/fy\\\/yn-e-parse-klyster-iepenet-eksposysje-stinzenpracht\\\/\"},\"author\":{\"name\":\"Jan Tiede Bouma\",\"@id\":\"https:\\\/\\\/www.klyster.nl\\\/fy\\\/#\\\/schema\\\/person\\\/21822e4a9dcd556dc7d6338a21dac3be\"},\"headline\":\"yn &#8216;e parse &#8211; Klyster iepenet eksposysje Stinzenpracht\",\"datePublished\":\"2026-04-04T10:21:13+00:00\",\"dateModified\":\"2026-04-08T18:15:57+00:00\",\"mainEntityOfPage\":{\"@id\":\"https:\\\/\\\/www.klyster.nl\\\/fy\\\/yn-e-parse-klyster-iepenet-eksposysje-stinzenpracht\\\/\"},\"wordCount\":284,\"publisher\":{\"@id\":\"https:\\\/\\\/www.klyster.nl\\\/fy\\\/#organization\"},\"image\":{\"@id\":\"https:\\\/\\\/www.klyster.nl\\\/fy\\\/yn-e-parse-klyster-iepenet-eksposysje-stinzenpracht\\\/#primaryimage\"},\"thumbnailUrl\":\"https:\\\/\\\/www.klyster.nl\\\/wp-content\\\/uploads\\\/2026\\\/04\\\/Uitnodiging-expositie-Stinzenkunst.jpg\",\"articleSection\":[\"Uncategorized @fy\"],\"inLanguage\":\"fy\"},{\"@type\":\"WebPage\",\"@id\":\"https:\\\/\\\/www.klyster.nl\\\/fy\\\/yn-e-parse-klyster-iepenet-eksposysje-stinzenpracht\\\/\",\"url\":\"https:\\\/\\\/www.klyster.nl\\\/fy\\\/yn-e-parse-klyster-iepenet-eksposysje-stinzenpracht\\\/\",\"name\":\"yn 'e parse - Klyster iepenet eksposysje Stinzenpracht | Natuur- en Milieu Educatie Centrum De Klyster\",\"isPartOf\":{\"@id\":\"https:\\\/\\\/www.klyster.nl\\\/fy\\\/#website\"},\"primaryImageOfPage\":{\"@id\":\"https:\\\/\\\/www.klyster.nl\\\/fy\\\/yn-e-parse-klyster-iepenet-eksposysje-stinzenpracht\\\/#primaryimage\"},\"image\":{\"@id\":\"https:\\\/\\\/www.klyster.nl\\\/fy\\\/yn-e-parse-klyster-iepenet-eksposysje-stinzenpracht\\\/#primaryimage\"},\"thumbnailUrl\":\"https:\\\/\\\/www.klyster.nl\\\/wp-content\\\/uploads\\\/2026\\\/04\\\/Uitnodiging-expositie-Stinzenkunst.jpg\",\"datePublished\":\"2026-04-04T10:21:13+00:00\",\"dateModified\":\"2026-04-08T18:15:57+00:00\",\"breadcrumb\":{\"@id\":\"https:\\\/\\\/www.klyster.nl\\\/fy\\\/yn-e-parse-klyster-iepenet-eksposysje-stinzenpracht\\\/#breadcrumb\"},\"inLanguage\":\"fy\",\"potentialAction\":[{\"@type\":\"ReadAction\",\"target\":[\"https:\\\/\\\/www.klyster.nl\\\/fy\\\/yn-e-parse-klyster-iepenet-eksposysje-stinzenpracht\\\/\"]}]},{\"@type\":\"ImageObject\",\"inLanguage\":\"fy\",\"@id\":\"https:\\\/\\\/www.klyster.nl\\\/fy\\\/yn-e-parse-klyster-iepenet-eksposysje-stinzenpracht\\\/#primaryimage\",\"url\":\"https:\\\/\\\/www.klyster.nl\\\/wp-content\\\/uploads\\\/2026\\\/04\\\/Uitnodiging-expositie-Stinzenkunst.jpg\",\"contentUrl\":\"https:\\\/\\\/www.klyster.nl\\\/wp-content\\\/uploads\\\/2026\\\/04\\\/Uitnodiging-expositie-Stinzenkunst.jpg\",\"width\":807,\"height\":1280},{\"@type\":\"BreadcrumbList\",\"@id\":\"https:\\\/\\\/www.klyster.nl\\\/fy\\\/yn-e-parse-klyster-iepenet-eksposysje-stinzenpracht\\\/#breadcrumb\",\"itemListElement\":[{\"@type\":\"ListItem\",\"position\":1,\"name\":\"Home\",\"item\":\"https:\\\/\\\/www.klyster.nl\\\/fy\\\/\"},{\"@type\":\"ListItem\",\"position\":2,\"name\":\"yn &#8216;e parse &#8211; Klyster iepenet eksposysje Stinzenpracht\"}]},{\"@type\":\"WebSite\",\"@id\":\"https:\\\/\\\/www.klyster.nl\\\/fy\\\/#website\",\"url\":\"https:\\\/\\\/www.klyster.nl\\\/fy\\\/\",\"name\":\"Natuur- en Milieu Educatie Centrum De Klyster\",\"description\":\"It NME-sintrum foar edukaasje yn natuer en duorsumens foar it basis\u00fbnderwiis yn Noardeast-Frysl\u00e2n.\",\"publisher\":{\"@id\":\"https:\\\/\\\/www.klyster.nl\\\/fy\\\/#organization\"},\"potentialAction\":[{\"@type\":\"SearchAction\",\"target\":{\"@type\":\"EntryPoint\",\"urlTemplate\":\"https:\\\/\\\/www.klyster.nl\\\/fy\\\/?s={search_term_string}\"},\"query-input\":{\"@type\":\"PropertyValueSpecification\",\"valueRequired\":true,\"valueName\":\"search_term_string\"}}],\"inLanguage\":\"fy\"},{\"@type\":\"Organization\",\"@id\":\"https:\\\/\\\/www.klyster.nl\\\/fy\\\/#organization\",\"name\":\"Natuur- en Milieu Educatie Centrum De Klyster\",\"url\":\"https:\\\/\\\/www.klyster.nl\\\/fy\\\/\",\"logo\":{\"@type\":\"ImageObject\",\"inLanguage\":\"fy\",\"@id\":\"https:\\\/\\\/www.klyster.nl\\\/fy\\\/#\\\/schema\\\/logo\\\/image\\\/\",\"url\":\"https:\\\/\\\/www.klyster.nl\\\/wp-content\\\/uploads\\\/2020\\\/03\\\/Logo-Klyster-NIEUW-scaled.jpg\",\"contentUrl\":\"https:\\\/\\\/www.klyster.nl\\\/wp-content\\\/uploads\\\/2020\\\/03\\\/Logo-Klyster-NIEUW-scaled.jpg\",\"width\":2560,\"height\":1345,\"caption\":\"Natuur- en Milieu Educatie Centrum De Klyster\"},\"image\":{\"@id\":\"https:\\\/\\\/www.klyster.nl\\\/fy\\\/#\\\/schema\\\/logo\\\/image\\\/\"},\"sameAs\":[\"https:\\\/\\\/www.facebook.com\\\/pages\\\/category\\\/Nonprofit-Organization\\\/De-Klyster-183815865735075\\\/\",\"https:\\\/\\\/www.instagram.com\\\/deklyster\\\/\"]},{\"@type\":\"Person\",\"@id\":\"https:\\\/\\\/www.klyster.nl\\\/fy\\\/#\\\/schema\\\/person\\\/21822e4a9dcd556dc7d6338a21dac3be\",\"name\":\"Jan Tiede Bouma\",\"image\":{\"@type\":\"ImageObject\",\"inLanguage\":\"fy\",\"@id\":\"https:\\\/\\\/secure.gravatar.com\\\/avatar\\\/1e2eada00e0c491b71aacf24904b29025b3ddc521e64d8554030e23288ab951e?s=96&d=mm&r=g\",\"url\":\"https:\\\/\\\/secure.gravatar.com\\\/avatar\\\/1e2eada00e0c491b71aacf24904b29025b3ddc521e64d8554030e23288ab951e?s=96&d=mm&r=g\",\"contentUrl\":\"https:\\\/\\\/secure.gravatar.com\\\/avatar\\\/1e2eada00e0c491b71aacf24904b29025b3ddc521e64d8554030e23288ab951e?s=96&d=mm&r=g\",\"caption\":\"Jan Tiede Bouma\"}}]}<\/script>\n<!-- \/ Yoast SEO plugin. -->","yoast_head_json":{"title":"yn 'e parse - Klyster iepenet eksposysje Stinzenpracht | Natuur- en Milieu Educatie Centrum De Klyster","robots":{"index":"index","follow":"follow","max-snippet":"max-snippet:-1","max-image-preview":"max-image-preview:large","max-video-preview":"max-video-preview:-1"},"canonical":"https:\/\/www.klyster.nl\/fy\/yn-e-parse-klyster-iepenet-eksposysje-stinzenpracht\/","og_locale":"en_US","og_type":"article","og_title":"yn 'e parse - Klyster iepenet eksposysje Stinzenpracht | Natuur- en Milieu Educatie Centrum De Klyster","og_description":"Sneon 4 april 2026 hat Marjolein Staal fan De Klyster \u00fbnder grutte belangstelling, de eksposysje Stinzenpracht iepene yn de Schierstins fan Feanw\u00e2lden. Joke Stapensea en Irene Feenstra eksposearje o\/m 17 maaie 2026 yn de Skierstins mei etsen en artistike foto&#8217;s d\u00ear&#8217;t stinzeplanten sintraal yn steane. Moarns waard omtinken j\u00fbn oan de eksposysje by it programma [&hellip;]","og_url":"https:\/\/www.klyster.nl\/fy\/yn-e-parse-klyster-iepenet-eksposysje-stinzenpracht\/","og_site_name":"Natuur- en Milieu Educatie Centrum De Klyster","article_publisher":"https:\/\/www.facebook.com\/pages\/category\/Nonprofit-Organization\/De-Klyster-183815865735075\/","article_published_time":"2026-04-04T10:21:13+00:00","article_modified_time":"2026-04-08T18:15:57+00:00","og_image":[{"width":807,"height":1280,"url":"https:\/\/www.klyster.nl\/wp-content\/uploads\/2026\/04\/Uitnodiging-expositie-Stinzenkunst.jpg","type":"image\/jpeg"}],"author":"Jan Tiede Bouma","twitter_card":"summary_large_image","schema":{"@context":"https:\/\/schema.org","@graph":[{"@type":"Article","@id":"https:\/\/www.klyster.nl\/fy\/yn-e-parse-klyster-iepenet-eksposysje-stinzenpracht\/#article","isPartOf":{"@id":"https:\/\/www.klyster.nl\/fy\/yn-e-parse-klyster-iepenet-eksposysje-stinzenpracht\/"},"author":{"name":"Jan Tiede Bouma","@id":"https:\/\/www.klyster.nl\/fy\/#\/schema\/person\/21822e4a9dcd556dc7d6338a21dac3be"},"headline":"yn &#8216;e parse &#8211; Klyster iepenet eksposysje Stinzenpracht","datePublished":"2026-04-04T10:21:13+00:00","dateModified":"2026-04-08T18:15:57+00:00","mainEntityOfPage":{"@id":"https:\/\/www.klyster.nl\/fy\/yn-e-parse-klyster-iepenet-eksposysje-stinzenpracht\/"},"wordCount":284,"publisher":{"@id":"https:\/\/www.klyster.nl\/fy\/#organization"},"image":{"@id":"https:\/\/www.klyster.nl\/fy\/yn-e-parse-klyster-iepenet-eksposysje-stinzenpracht\/#primaryimage"},"thumbnailUrl":"https:\/\/www.klyster.nl\/wp-content\/uploads\/2026\/04\/Uitnodiging-expositie-Stinzenkunst.jpg","articleSection":["Uncategorized @fy"],"inLanguage":"fy"},{"@type":"WebPage","@id":"https:\/\/www.klyster.nl\/fy\/yn-e-parse-klyster-iepenet-eksposysje-stinzenpracht\/","url":"https:\/\/www.klyster.nl\/fy\/yn-e-parse-klyster-iepenet-eksposysje-stinzenpracht\/","name":"yn 'e parse - Klyster iepenet eksposysje Stinzenpracht | Natuur- en Milieu Educatie Centrum De Klyster","isPartOf":{"@id":"https:\/\/www.klyster.nl\/fy\/#website"},"primaryImageOfPage":{"@id":"https:\/\/www.klyster.nl\/fy\/yn-e-parse-klyster-iepenet-eksposysje-stinzenpracht\/#primaryimage"},"image":{"@id":"https:\/\/www.klyster.nl\/fy\/yn-e-parse-klyster-iepenet-eksposysje-stinzenpracht\/#primaryimage"},"thumbnailUrl":"https:\/\/www.klyster.nl\/wp-content\/uploads\/2026\/04\/Uitnodiging-expositie-Stinzenkunst.jpg","datePublished":"2026-04-04T10:21:13+00:00","dateModified":"2026-04-08T18:15:57+00:00","breadcrumb":{"@id":"https:\/\/www.klyster.nl\/fy\/yn-e-parse-klyster-iepenet-eksposysje-stinzenpracht\/#breadcrumb"},"inLanguage":"fy","potentialAction":[{"@type":"ReadAction","target":["https:\/\/www.klyster.nl\/fy\/yn-e-parse-klyster-iepenet-eksposysje-stinzenpracht\/"]}]},{"@type":"ImageObject","inLanguage":"fy","@id":"https:\/\/www.klyster.nl\/fy\/yn-e-parse-klyster-iepenet-eksposysje-stinzenpracht\/#primaryimage","url":"https:\/\/www.klyster.nl\/wp-content\/uploads\/2026\/04\/Uitnodiging-expositie-Stinzenkunst.jpg","contentUrl":"https:\/\/www.klyster.nl\/wp-content\/uploads\/2026\/04\/Uitnodiging-expositie-Stinzenkunst.jpg","width":807,"height":1280},{"@type":"BreadcrumbList","@id":"https:\/\/www.klyster.nl\/fy\/yn-e-parse-klyster-iepenet-eksposysje-stinzenpracht\/#breadcrumb","itemListElement":[{"@type":"ListItem","position":1,"name":"Home","item":"https:\/\/www.klyster.nl\/fy\/"},{"@type":"ListItem","position":2,"name":"yn &#8216;e parse &#8211; Klyster iepenet eksposysje Stinzenpracht"}]},{"@type":"WebSite","@id":"https:\/\/www.klyster.nl\/fy\/#website","url":"https:\/\/www.klyster.nl\/fy\/","name":"Natuur- en Milieu Educatie Centrum De Klyster","description":"It NME-sintrum foar edukaasje yn natuer en duorsumens foar it basis\u00fbnderwiis yn Noardeast-Frysl\u00e2n.","publisher":{"@id":"https:\/\/www.klyster.nl\/fy\/#organization"},"potentialAction":[{"@type":"SearchAction","target":{"@type":"EntryPoint","urlTemplate":"https:\/\/www.klyster.nl\/fy\/?s={search_term_string}"},"query-input":{"@type":"PropertyValueSpecification","valueRequired":true,"valueName":"search_term_string"}}],"inLanguage":"fy"},{"@type":"Organization","@id":"https:\/\/www.klyster.nl\/fy\/#organization","name":"Natuur- en Milieu Educatie Centrum De Klyster","url":"https:\/\/www.klyster.nl\/fy\/","logo":{"@type":"ImageObject","inLanguage":"fy","@id":"https:\/\/www.klyster.nl\/fy\/#\/schema\/logo\/image\/","url":"https:\/\/www.klyster.nl\/wp-content\/uploads\/2020\/03\/Logo-Klyster-NIEUW-scaled.jpg","contentUrl":"https:\/\/www.klyster.nl\/wp-content\/uploads\/2020\/03\/Logo-Klyster-NIEUW-scaled.jpg","width":2560,"height":1345,"caption":"Natuur- en Milieu Educatie Centrum De Klyster"},"image":{"@id":"https:\/\/www.klyster.nl\/fy\/#\/schema\/logo\/image\/"},"sameAs":["https:\/\/www.facebook.com\/pages\/category\/Nonprofit-Organization\/De-Klyster-183815865735075\/","https:\/\/www.instagram.com\/deklyster\/"]},{"@type":"Person","@id":"https:\/\/www.klyster.nl\/fy\/#\/schema\/person\/21822e4a9dcd556dc7d6338a21dac3be","name":"Jan Tiede Bouma","image":{"@type":"ImageObject","inLanguage":"fy","@id":"https:\/\/secure.gravatar.com\/avatar\/1e2eada00e0c491b71aacf24904b29025b3ddc521e64d8554030e23288ab951e?s=96&d=mm&r=g","url":"https:\/\/secure.gravatar.com\/avatar\/1e2eada00e0c491b71aacf24904b29025b3ddc521e64d8554030e23288ab951e?s=96&d=mm&r=g","contentUrl":"https:\/\/secure.gravatar.com\/avatar\/1e2eada00e0c491b71aacf24904b29025b3ddc521e64d8554030e23288ab951e?s=96&d=mm&r=g","caption":"Jan Tiede Bouma"}}]}},"_links":{"self":[{"href":"https:\/\/www.klyster.nl\/fy\/wp-json\/wp\/v2\/posts\/101392","targetHints":{"allow":["GET"]}}],"collection":[{"href":"https:\/\/www.klyster.nl\/fy\/wp-json\/wp\/v2\/posts"}],"about":[{"href":"https:\/\/www.klyster.nl\/fy\/wp-json\/wp\/v2\/types\/post"}],"author":[{"embeddable":true,"href":"https:\/\/www.klyster.nl\/fy\/wp-json\/wp\/v2\/users\/707"}],"replies":[{"embeddable":true,"href":"https:\/\/www.klyster.nl\/fy\/wp-json\/wp\/v2\/comments?post=101392"}],"version-history":[{"count":2,"href":"https:\/\/www.klyster.nl\/fy\/wp-json\/wp\/v2\/posts\/101392\/revisions"}],"predecessor-version":[{"id":101394,"href":"https:\/\/www.klyster.nl\/fy\/wp-json\/wp\/v2\/posts\/101392\/revisions\/101394"}],"wp:featuredmedia":[{"embeddable":true,"href":"https:\/\/www.klyster.nl\/fy\/wp-json\/wp\/v2\/media\/101379"}],"wp:attachment":[{"href":"https:\/\/www.klyster.nl\/fy\/wp-json\/wp\/v2\/media?parent=101392"}],"wp:term":[{"taxonomy":"category","embeddable":true,"href":"https:\/\/www.klyster.nl\/fy\/wp-json\/wp\/v2\/categories?post=101392"},{"taxonomy":"post_tag","embeddable":true,"href":"https:\/\/www.klyster.nl\/fy\/wp-json\/wp\/v2\/tags?post=101392"}],"curies":[{"name":"wp","href":"https:\/\/api.w.org\/{rel}","templated":true}]}}