{"id":101315,"date":"2026-03-31T09:24:27","date_gmt":"2026-03-31T07:24:27","guid":{"rendered":"https:\/\/www.klyster.nl\/?p=101315"},"modified":"2026-04-01T20:52:27","modified_gmt":"2026-04-01T18:52:27","slug":"yn-e-parse-ferkearsbuorden-poddetrek-pleatst-troch-learlingen","status":"publish","type":"post","link":"https:\/\/www.klyster.nl\/fy\/yn-e-parse-ferkearsbuorden-poddetrek-pleatst-troch-learlingen\/","title":{"rendered":"yn &#8216;e parse &#8211; Ferkearsbuorden poddetrek pleatst troch learlingen"},"content":{"rendered":"<p>Ferline jier krige De Klyster de fraach fia de gemeenteried om op de Julianaskoalle en de Bernhardskoalle yn Kollum gastlessen te fersoargjen oer amfibyen. Learlingen Xaveer en Chris hiene nammentlik deariden salamanders f\u00fbn en de gemeenteried yn in brief frege om hjir wat oan te dwaan. Klyster <strong>Mirja Brandorff<\/strong> gie mei de klassen fan de jonges op &#8216;en paad en lei \u00fat oer de poddetrek. Tegearre makken se in advys foar de gemeente w\u00earyn&#8217;t oanret waard om ferkearsbuorden te pleatsen, w\u00earmei&#8217;t de fytsers attint makke wurde op oerstekkende podden, salamanders en kikkerts.<\/p>\n<p>Mei tank oan dizze twa jonge bistefreonen binne der no in jier letter, offisjele warsk\u00f4gingsbuorden pleatst l\u00e2ns it fytspaad tusken Tolhuis en Oostenstein. Hjoed hawwe de klassen oanw\u00eazich west by it pleatsen fan de buorden troch de gemeentlike b\u00fbtentsjinst.<\/p>\n<p><strong>Weth\u00e2lder Hanneke Jouta<\/strong> is grutsk op it inisjatyf: \u201cDe bern ha de podden, kikkerts en salamanders in stim j\u00fbn en hawwe har mei hert en siel ynsetten foar de natuer. It is in moaie aksje en it krinkje is r\u00fbn, de buorden binne pleatst.\u201d<\/p>\n<p>L\u00eas mear yn it parseberjocht en\/of klik op it filmke foar in live ferslach.<\/p>\n<p><em>Op &#8216;e foto Chris en Xaveer mei manlju fan de gemeentlike b\u00fbtentsjinst dy&#8217;t it boerd pleatse, filme troch RTV NOF.<\/em><\/p>\n<p>&nbsp;<\/p>\n<p><a href=\"https:\/\/www.rtvnof.nl\/xaveer-en-chris-9-zorgen-voor-echte-verkeersborden-voor-paddentrek\/740168\/\">Xaveer en Chris (9) zorgen voor echte verkeersborden voor paddentrek &#8211; RTV NOF Nieuws<\/a><\/p>\n<p>&nbsp;<\/p>\n<div class='avia-iframe-wrap'><iframe loading=\"lazy\" title=\"Xaveer en Chris (9) zorgen voor echte verkeersborden voor paddentrek\" width=\"1500\" height=\"844\" src=\"https:\/\/www.youtube.com\/embed\/zhlsvd9p3c8?feature=oembed\" frameborder=\"0\" allow=\"accelerometer; autoplay; clipboard-write; encrypted-media; gyroscope; picture-in-picture; web-share\" referrerpolicy=\"strict-origin-when-cross-origin\" allowfullscreen><\/iframe><\/div>\n","protected":false},"excerpt":{"rendered":"<p>Ferline jier krige De Klyster de fraach fia de gemeenteried om op de Julianaskoalle en de Bernhardskoalle yn Kollum gastlessen te fersoargjen oer amfibyen. Learlingen Xaveer en Chris hiene nammentlik deariden salamanders f\u00fbn en de gemeenteried yn in brief frege om hjir wat oan te dwaan. Klyster Mirja Brandorff gie mei de klassen fan de [&hellip;]<\/p>\n","protected":false},"author":707,"featured_media":101279,"comment_status":"closed","ping_status":"open","sticky":false,"template":"","format":"standard","meta":{"_acf_changed":false,"footnotes":""},"categories":[493],"tags":[],"class_list":["post-101315","post","type-post","status-publish","format-standard","has-post-thumbnail","hentry","category-uncategorized-fy"],"acf":[],"yoast_head":"<!-- This site is optimized with the Yoast SEO plugin v27.4 - https:\/\/yoast.com\/product\/yoast-seo-wordpress\/ -->\n<title>yn &#039;e parse - Ferkearsbuorden poddetrek pleatst troch learlingen | Natuur- en Milieu Educatie Centrum De Klyster<\/title>\n<meta name=\"robots\" content=\"index, follow, max-snippet:-1, max-image-preview:large, max-video-preview:-1\" \/>\n<link rel=\"canonical\" href=\"https:\/\/www.klyster.nl\/fy\/yn-e-parse-ferkearsbuorden-poddetrek-pleatst-troch-learlingen\/\" \/>\n<meta property=\"og:locale\" content=\"en_US\" \/>\n<meta property=\"og:type\" content=\"article\" \/>\n<meta property=\"og:title\" content=\"yn &#039;e parse - Ferkearsbuorden poddetrek pleatst troch learlingen | Natuur- en Milieu Educatie Centrum De Klyster\" \/>\n<meta property=\"og:description\" content=\"Ferline jier krige De Klyster de fraach fia de gemeenteried om op de Julianaskoalle en de Bernhardskoalle yn Kollum gastlessen te fersoargjen oer amfibyen. Learlingen Xaveer en Chris hiene nammentlik deariden salamanders f\u00fbn en de gemeenteried yn in brief frege om hjir wat oan te dwaan. Klyster Mirja Brandorff gie mei de klassen fan de [&hellip;]\" \/>\n<meta property=\"og:url\" content=\"https:\/\/www.klyster.nl\/fy\/yn-e-parse-ferkearsbuorden-poddetrek-pleatst-troch-learlingen\/\" \/>\n<meta property=\"og:site_name\" content=\"Natuur- en Milieu Educatie Centrum De Klyster\" \/>\n<meta property=\"article:publisher\" content=\"https:\/\/www.facebook.com\/pages\/category\/Nonprofit-Organization\/De-Klyster-183815865735075\/\" \/>\n<meta property=\"article:published_time\" content=\"2026-03-31T07:24:27+00:00\" \/>\n<meta property=\"article:modified_time\" content=\"2026-04-01T18:52:27+00:00\" \/>\n<meta property=\"og:image\" content=\"https:\/\/www.klyster.nl\/wp-content\/uploads\/2026\/03\/Plaatsing-verkeersbord.jpg\" \/>\n\t<meta property=\"og:image:width\" content=\"2000\" \/>\n\t<meta property=\"og:image:height\" content=\"1125\" \/>\n\t<meta property=\"og:image:type\" content=\"image\/jpeg\" \/>\n<meta name=\"author\" content=\"Jan Tiede Bouma\" \/>\n<meta name=\"twitter:card\" content=\"summary_large_image\" \/>\n<script type=\"application\/ld+json\" class=\"yoast-schema-graph\">{\"@context\":\"https:\\\/\\\/schema.org\",\"@graph\":[{\"@type\":\"Article\",\"@id\":\"https:\\\/\\\/www.klyster.nl\\\/fy\\\/yn-e-parse-ferkearsbuorden-poddetrek-pleatst-troch-learlingen\\\/#article\",\"isPartOf\":{\"@id\":\"https:\\\/\\\/www.klyster.nl\\\/fy\\\/yn-e-parse-ferkearsbuorden-poddetrek-pleatst-troch-learlingen\\\/\"},\"author\":{\"name\":\"Jan Tiede Bouma\",\"@id\":\"https:\\\/\\\/www.klyster.nl\\\/fy\\\/#\\\/schema\\\/person\\\/21822e4a9dcd556dc7d6338a21dac3be\"},\"headline\":\"yn &#8216;e parse &#8211; Ferkearsbuorden poddetrek pleatst troch learlingen\",\"datePublished\":\"2026-03-31T07:24:27+00:00\",\"dateModified\":\"2026-04-01T18:52:27+00:00\",\"mainEntityOfPage\":{\"@id\":\"https:\\\/\\\/www.klyster.nl\\\/fy\\\/yn-e-parse-ferkearsbuorden-poddetrek-pleatst-troch-learlingen\\\/\"},\"wordCount\":258,\"publisher\":{\"@id\":\"https:\\\/\\\/www.klyster.nl\\\/fy\\\/#organization\"},\"image\":{\"@id\":\"https:\\\/\\\/www.klyster.nl\\\/fy\\\/yn-e-parse-ferkearsbuorden-poddetrek-pleatst-troch-learlingen\\\/#primaryimage\"},\"thumbnailUrl\":\"https:\\\/\\\/www.klyster.nl\\\/wp-content\\\/uploads\\\/2026\\\/03\\\/Plaatsing-verkeersbord.jpg\",\"articleSection\":[\"Uncategorized @fy\"],\"inLanguage\":\"fy\"},{\"@type\":\"WebPage\",\"@id\":\"https:\\\/\\\/www.klyster.nl\\\/fy\\\/yn-e-parse-ferkearsbuorden-poddetrek-pleatst-troch-learlingen\\\/\",\"url\":\"https:\\\/\\\/www.klyster.nl\\\/fy\\\/yn-e-parse-ferkearsbuorden-poddetrek-pleatst-troch-learlingen\\\/\",\"name\":\"yn 'e parse - Ferkearsbuorden poddetrek pleatst troch learlingen | Natuur- en Milieu Educatie Centrum De Klyster\",\"isPartOf\":{\"@id\":\"https:\\\/\\\/www.klyster.nl\\\/fy\\\/#website\"},\"primaryImageOfPage\":{\"@id\":\"https:\\\/\\\/www.klyster.nl\\\/fy\\\/yn-e-parse-ferkearsbuorden-poddetrek-pleatst-troch-learlingen\\\/#primaryimage\"},\"image\":{\"@id\":\"https:\\\/\\\/www.klyster.nl\\\/fy\\\/yn-e-parse-ferkearsbuorden-poddetrek-pleatst-troch-learlingen\\\/#primaryimage\"},\"thumbnailUrl\":\"https:\\\/\\\/www.klyster.nl\\\/wp-content\\\/uploads\\\/2026\\\/03\\\/Plaatsing-verkeersbord.jpg\",\"datePublished\":\"2026-03-31T07:24:27+00:00\",\"dateModified\":\"2026-04-01T18:52:27+00:00\",\"breadcrumb\":{\"@id\":\"https:\\\/\\\/www.klyster.nl\\\/fy\\\/yn-e-parse-ferkearsbuorden-poddetrek-pleatst-troch-learlingen\\\/#breadcrumb\"},\"inLanguage\":\"fy\",\"potentialAction\":[{\"@type\":\"ReadAction\",\"target\":[\"https:\\\/\\\/www.klyster.nl\\\/fy\\\/yn-e-parse-ferkearsbuorden-poddetrek-pleatst-troch-learlingen\\\/\"]}]},{\"@type\":\"ImageObject\",\"inLanguage\":\"fy\",\"@id\":\"https:\\\/\\\/www.klyster.nl\\\/fy\\\/yn-e-parse-ferkearsbuorden-poddetrek-pleatst-troch-learlingen\\\/#primaryimage\",\"url\":\"https:\\\/\\\/www.klyster.nl\\\/wp-content\\\/uploads\\\/2026\\\/03\\\/Plaatsing-verkeersbord.jpg\",\"contentUrl\":\"https:\\\/\\\/www.klyster.nl\\\/wp-content\\\/uploads\\\/2026\\\/03\\\/Plaatsing-verkeersbord.jpg\",\"width\":2000,\"height\":1125},{\"@type\":\"BreadcrumbList\",\"@id\":\"https:\\\/\\\/www.klyster.nl\\\/fy\\\/yn-e-parse-ferkearsbuorden-poddetrek-pleatst-troch-learlingen\\\/#breadcrumb\",\"itemListElement\":[{\"@type\":\"ListItem\",\"position\":1,\"name\":\"Home\",\"item\":\"https:\\\/\\\/www.klyster.nl\\\/fy\\\/\"},{\"@type\":\"ListItem\",\"position\":2,\"name\":\"yn &#8216;e parse &#8211; Ferkearsbuorden poddetrek pleatst troch learlingen\"}]},{\"@type\":\"WebSite\",\"@id\":\"https:\\\/\\\/www.klyster.nl\\\/fy\\\/#website\",\"url\":\"https:\\\/\\\/www.klyster.nl\\\/fy\\\/\",\"name\":\"Natuur- en Milieu Educatie Centrum De Klyster\",\"description\":\"It NME-sintrum foar edukaasje yn natuer en duorsumens foar it basis\u00fbnderwiis yn Noardeast-Frysl\u00e2n.\",\"publisher\":{\"@id\":\"https:\\\/\\\/www.klyster.nl\\\/fy\\\/#organization\"},\"potentialAction\":[{\"@type\":\"SearchAction\",\"target\":{\"@type\":\"EntryPoint\",\"urlTemplate\":\"https:\\\/\\\/www.klyster.nl\\\/fy\\\/?s={search_term_string}\"},\"query-input\":{\"@type\":\"PropertyValueSpecification\",\"valueRequired\":true,\"valueName\":\"search_term_string\"}}],\"inLanguage\":\"fy\"},{\"@type\":\"Organization\",\"@id\":\"https:\\\/\\\/www.klyster.nl\\\/fy\\\/#organization\",\"name\":\"Natuur- en Milieu Educatie Centrum De Klyster\",\"url\":\"https:\\\/\\\/www.klyster.nl\\\/fy\\\/\",\"logo\":{\"@type\":\"ImageObject\",\"inLanguage\":\"fy\",\"@id\":\"https:\\\/\\\/www.klyster.nl\\\/fy\\\/#\\\/schema\\\/logo\\\/image\\\/\",\"url\":\"https:\\\/\\\/www.klyster.nl\\\/wp-content\\\/uploads\\\/2020\\\/03\\\/Logo-Klyster-NIEUW-scaled.jpg\",\"contentUrl\":\"https:\\\/\\\/www.klyster.nl\\\/wp-content\\\/uploads\\\/2020\\\/03\\\/Logo-Klyster-NIEUW-scaled.jpg\",\"width\":2560,\"height\":1345,\"caption\":\"Natuur- en Milieu Educatie Centrum De Klyster\"},\"image\":{\"@id\":\"https:\\\/\\\/www.klyster.nl\\\/fy\\\/#\\\/schema\\\/logo\\\/image\\\/\"},\"sameAs\":[\"https:\\\/\\\/www.facebook.com\\\/pages\\\/category\\\/Nonprofit-Organization\\\/De-Klyster-183815865735075\\\/\",\"https:\\\/\\\/www.instagram.com\\\/deklyster\\\/\"]},{\"@type\":\"Person\",\"@id\":\"https:\\\/\\\/www.klyster.nl\\\/fy\\\/#\\\/schema\\\/person\\\/21822e4a9dcd556dc7d6338a21dac3be\",\"name\":\"Jan Tiede Bouma\",\"image\":{\"@type\":\"ImageObject\",\"inLanguage\":\"fy\",\"@id\":\"https:\\\/\\\/secure.gravatar.com\\\/avatar\\\/1e2eada00e0c491b71aacf24904b29025b3ddc521e64d8554030e23288ab951e?s=96&d=mm&r=g\",\"url\":\"https:\\\/\\\/secure.gravatar.com\\\/avatar\\\/1e2eada00e0c491b71aacf24904b29025b3ddc521e64d8554030e23288ab951e?s=96&d=mm&r=g\",\"contentUrl\":\"https:\\\/\\\/secure.gravatar.com\\\/avatar\\\/1e2eada00e0c491b71aacf24904b29025b3ddc521e64d8554030e23288ab951e?s=96&d=mm&r=g\",\"caption\":\"Jan Tiede Bouma\"}}]}<\/script>\n<!-- \/ Yoast SEO plugin. -->","yoast_head_json":{"title":"yn 'e parse - Ferkearsbuorden poddetrek pleatst troch learlingen | Natuur- en Milieu Educatie Centrum De Klyster","robots":{"index":"index","follow":"follow","max-snippet":"max-snippet:-1","max-image-preview":"max-image-preview:large","max-video-preview":"max-video-preview:-1"},"canonical":"https:\/\/www.klyster.nl\/fy\/yn-e-parse-ferkearsbuorden-poddetrek-pleatst-troch-learlingen\/","og_locale":"en_US","og_type":"article","og_title":"yn 'e parse - Ferkearsbuorden poddetrek pleatst troch learlingen | Natuur- en Milieu Educatie Centrum De Klyster","og_description":"Ferline jier krige De Klyster de fraach fia de gemeenteried om op de Julianaskoalle en de Bernhardskoalle yn Kollum gastlessen te fersoargjen oer amfibyen. Learlingen Xaveer en Chris hiene nammentlik deariden salamanders f\u00fbn en de gemeenteried yn in brief frege om hjir wat oan te dwaan. Klyster Mirja Brandorff gie mei de klassen fan de [&hellip;]","og_url":"https:\/\/www.klyster.nl\/fy\/yn-e-parse-ferkearsbuorden-poddetrek-pleatst-troch-learlingen\/","og_site_name":"Natuur- en Milieu Educatie Centrum De Klyster","article_publisher":"https:\/\/www.facebook.com\/pages\/category\/Nonprofit-Organization\/De-Klyster-183815865735075\/","article_published_time":"2026-03-31T07:24:27+00:00","article_modified_time":"2026-04-01T18:52:27+00:00","og_image":[{"width":2000,"height":1125,"url":"https:\/\/www.klyster.nl\/wp-content\/uploads\/2026\/03\/Plaatsing-verkeersbord.jpg","type":"image\/jpeg"}],"author":"Jan Tiede Bouma","twitter_card":"summary_large_image","schema":{"@context":"https:\/\/schema.org","@graph":[{"@type":"Article","@id":"https:\/\/www.klyster.nl\/fy\/yn-e-parse-ferkearsbuorden-poddetrek-pleatst-troch-learlingen\/#article","isPartOf":{"@id":"https:\/\/www.klyster.nl\/fy\/yn-e-parse-ferkearsbuorden-poddetrek-pleatst-troch-learlingen\/"},"author":{"name":"Jan Tiede Bouma","@id":"https:\/\/www.klyster.nl\/fy\/#\/schema\/person\/21822e4a9dcd556dc7d6338a21dac3be"},"headline":"yn &#8216;e parse &#8211; Ferkearsbuorden poddetrek pleatst troch learlingen","datePublished":"2026-03-31T07:24:27+00:00","dateModified":"2026-04-01T18:52:27+00:00","mainEntityOfPage":{"@id":"https:\/\/www.klyster.nl\/fy\/yn-e-parse-ferkearsbuorden-poddetrek-pleatst-troch-learlingen\/"},"wordCount":258,"publisher":{"@id":"https:\/\/www.klyster.nl\/fy\/#organization"},"image":{"@id":"https:\/\/www.klyster.nl\/fy\/yn-e-parse-ferkearsbuorden-poddetrek-pleatst-troch-learlingen\/#primaryimage"},"thumbnailUrl":"https:\/\/www.klyster.nl\/wp-content\/uploads\/2026\/03\/Plaatsing-verkeersbord.jpg","articleSection":["Uncategorized @fy"],"inLanguage":"fy"},{"@type":"WebPage","@id":"https:\/\/www.klyster.nl\/fy\/yn-e-parse-ferkearsbuorden-poddetrek-pleatst-troch-learlingen\/","url":"https:\/\/www.klyster.nl\/fy\/yn-e-parse-ferkearsbuorden-poddetrek-pleatst-troch-learlingen\/","name":"yn 'e parse - Ferkearsbuorden poddetrek pleatst troch learlingen | Natuur- en Milieu Educatie Centrum De Klyster","isPartOf":{"@id":"https:\/\/www.klyster.nl\/fy\/#website"},"primaryImageOfPage":{"@id":"https:\/\/www.klyster.nl\/fy\/yn-e-parse-ferkearsbuorden-poddetrek-pleatst-troch-learlingen\/#primaryimage"},"image":{"@id":"https:\/\/www.klyster.nl\/fy\/yn-e-parse-ferkearsbuorden-poddetrek-pleatst-troch-learlingen\/#primaryimage"},"thumbnailUrl":"https:\/\/www.klyster.nl\/wp-content\/uploads\/2026\/03\/Plaatsing-verkeersbord.jpg","datePublished":"2026-03-31T07:24:27+00:00","dateModified":"2026-04-01T18:52:27+00:00","breadcrumb":{"@id":"https:\/\/www.klyster.nl\/fy\/yn-e-parse-ferkearsbuorden-poddetrek-pleatst-troch-learlingen\/#breadcrumb"},"inLanguage":"fy","potentialAction":[{"@type":"ReadAction","target":["https:\/\/www.klyster.nl\/fy\/yn-e-parse-ferkearsbuorden-poddetrek-pleatst-troch-learlingen\/"]}]},{"@type":"ImageObject","inLanguage":"fy","@id":"https:\/\/www.klyster.nl\/fy\/yn-e-parse-ferkearsbuorden-poddetrek-pleatst-troch-learlingen\/#primaryimage","url":"https:\/\/www.klyster.nl\/wp-content\/uploads\/2026\/03\/Plaatsing-verkeersbord.jpg","contentUrl":"https:\/\/www.klyster.nl\/wp-content\/uploads\/2026\/03\/Plaatsing-verkeersbord.jpg","width":2000,"height":1125},{"@type":"BreadcrumbList","@id":"https:\/\/www.klyster.nl\/fy\/yn-e-parse-ferkearsbuorden-poddetrek-pleatst-troch-learlingen\/#breadcrumb","itemListElement":[{"@type":"ListItem","position":1,"name":"Home","item":"https:\/\/www.klyster.nl\/fy\/"},{"@type":"ListItem","position":2,"name":"yn &#8216;e parse &#8211; Ferkearsbuorden poddetrek pleatst troch learlingen"}]},{"@type":"WebSite","@id":"https:\/\/www.klyster.nl\/fy\/#website","url":"https:\/\/www.klyster.nl\/fy\/","name":"Natuur- en Milieu Educatie Centrum De Klyster","description":"It NME-sintrum foar edukaasje yn natuer en duorsumens foar it basis\u00fbnderwiis yn Noardeast-Frysl\u00e2n.","publisher":{"@id":"https:\/\/www.klyster.nl\/fy\/#organization"},"potentialAction":[{"@type":"SearchAction","target":{"@type":"EntryPoint","urlTemplate":"https:\/\/www.klyster.nl\/fy\/?s={search_term_string}"},"query-input":{"@type":"PropertyValueSpecification","valueRequired":true,"valueName":"search_term_string"}}],"inLanguage":"fy"},{"@type":"Organization","@id":"https:\/\/www.klyster.nl\/fy\/#organization","name":"Natuur- en Milieu Educatie Centrum De Klyster","url":"https:\/\/www.klyster.nl\/fy\/","logo":{"@type":"ImageObject","inLanguage":"fy","@id":"https:\/\/www.klyster.nl\/fy\/#\/schema\/logo\/image\/","url":"https:\/\/www.klyster.nl\/wp-content\/uploads\/2020\/03\/Logo-Klyster-NIEUW-scaled.jpg","contentUrl":"https:\/\/www.klyster.nl\/wp-content\/uploads\/2020\/03\/Logo-Klyster-NIEUW-scaled.jpg","width":2560,"height":1345,"caption":"Natuur- en Milieu Educatie Centrum De Klyster"},"image":{"@id":"https:\/\/www.klyster.nl\/fy\/#\/schema\/logo\/image\/"},"sameAs":["https:\/\/www.facebook.com\/pages\/category\/Nonprofit-Organization\/De-Klyster-183815865735075\/","https:\/\/www.instagram.com\/deklyster\/"]},{"@type":"Person","@id":"https:\/\/www.klyster.nl\/fy\/#\/schema\/person\/21822e4a9dcd556dc7d6338a21dac3be","name":"Jan Tiede Bouma","image":{"@type":"ImageObject","inLanguage":"fy","@id":"https:\/\/secure.gravatar.com\/avatar\/1e2eada00e0c491b71aacf24904b29025b3ddc521e64d8554030e23288ab951e?s=96&d=mm&r=g","url":"https:\/\/secure.gravatar.com\/avatar\/1e2eada00e0c491b71aacf24904b29025b3ddc521e64d8554030e23288ab951e?s=96&d=mm&r=g","contentUrl":"https:\/\/secure.gravatar.com\/avatar\/1e2eada00e0c491b71aacf24904b29025b3ddc521e64d8554030e23288ab951e?s=96&d=mm&r=g","caption":"Jan Tiede Bouma"}}]}},"_links":{"self":[{"href":"https:\/\/www.klyster.nl\/fy\/wp-json\/wp\/v2\/posts\/101315","targetHints":{"allow":["GET"]}}],"collection":[{"href":"https:\/\/www.klyster.nl\/fy\/wp-json\/wp\/v2\/posts"}],"about":[{"href":"https:\/\/www.klyster.nl\/fy\/wp-json\/wp\/v2\/types\/post"}],"author":[{"embeddable":true,"href":"https:\/\/www.klyster.nl\/fy\/wp-json\/wp\/v2\/users\/707"}],"replies":[{"embeddable":true,"href":"https:\/\/www.klyster.nl\/fy\/wp-json\/wp\/v2\/comments?post=101315"}],"version-history":[{"count":2,"href":"https:\/\/www.klyster.nl\/fy\/wp-json\/wp\/v2\/posts\/101315\/revisions"}],"predecessor-version":[{"id":101317,"href":"https:\/\/www.klyster.nl\/fy\/wp-json\/wp\/v2\/posts\/101315\/revisions\/101317"}],"wp:featuredmedia":[{"embeddable":true,"href":"https:\/\/www.klyster.nl\/fy\/wp-json\/wp\/v2\/media\/101279"}],"wp:attachment":[{"href":"https:\/\/www.klyster.nl\/fy\/wp-json\/wp\/v2\/media?parent=101315"}],"wp:term":[{"taxonomy":"category","embeddable":true,"href":"https:\/\/www.klyster.nl\/fy\/wp-json\/wp\/v2\/categories?post=101315"},{"taxonomy":"post_tag","embeddable":true,"href":"https:\/\/www.klyster.nl\/fy\/wp-json\/wp\/v2\/tags?post=101315"}],"curies":[{"name":"wp","href":"https:\/\/api.w.org\/{rel}","templated":true}]}}