{"id":101304,"date":"2026-03-30T13:07:45","date_gmt":"2026-03-30T11:07:45","guid":{"rendered":"https:\/\/www.klyster.nl\/?p=101304"},"modified":"2026-04-01T20:30:08","modified_gmt":"2026-04-01T18:30:08","slug":"yn-e-parse-pykjes-yn-e-klasse","status":"publish","type":"post","link":"https:\/\/www.klyster.nl\/fy\/yn-e-parse-pykjes-yn-e-klasse\/","title":{"rendered":"yn &#8216;e parse &#8211; Pykjes yn &#8216;e Klasse"},"content":{"rendered":"<p>Moandei 30 maart 2026 kaam RTV-NOF opnamen meitsjen fan it Klysterprojekt <strong>Pykjes yn &#8216;e Klasse<\/strong>. Dit projekt is al jierren in hit op de skoallen yn de klysterregio. Ta gelegenheid fan it 30-jierrich jubileum besteget RTV NOF alle moannen omtinken oan in suksesfol NME-projekt. Hjoed dus in besite oan de beukergroep fan juf Sjoukje fan Vivensa, Dokkum.<\/p>\n<p>It projekt draait op meardere skoallen tagelyk en op dit stuit r\u00fblearje 8 briedmasines troch \u00fas regio en kinne learlingen yn &#8216;e klasse it proses meimeitsje fan aai oant pykjes. Klyster <strong>frijwilliger Wytze Postma<\/strong> begeliedt it projekt en helpt de learkr\u00eaften. Skoallen fine dat hiel noflik, want it komt b\u00east hiel krekt. Mar d\u00earfoar binne wy, skoallen stypje mei \u00fas ekspertize. En Wytze hat sels \u00fbnderwizer west en hat as hobby it fokken fan hinnen. Dus hy kin as gjin oar soargje foar goeie begelieding. Yn it parseberjocht in wiidweidich ferslach.<\/p>\n<p><em>Op &#8216;e foto learling mei pykje. Foto is fan Koos Scherjon.<\/em><\/p>\n<p>&nbsp;<\/p>\n<div class='avia-iframe-wrap'>\n<blockquote class=\"wp-embedded-content\" data-secret=\"NpIb5GaDuE\"><p><a href=\"https:\/\/www.rtvnof.nl\/van-ei-tot-pykje-vijftien-kuikens-geboren-in-de-kleuterklas-van-vivensa-in-dokkum\/739981\/\">Van ei tot &#8216;pykje&#8217;: Vijftien kuikens geboren in de kleuterklas van Vivensa in Dokkum<\/a><\/p><\/blockquote>\n<p><iframe loading=\"lazy\" class=\"wp-embedded-content\" sandbox=\"allow-scripts\" security=\"restricted\" style=\"position: absolute; visibility: hidden;\" title=\"&#8220;Van ei tot &#8216;pykje&#8217;: Vijftien kuikens geboren in de kleuterklas van Vivensa in Dokkum&#8221; &#8212; RTV NOF Nieuws\" src=\"https:\/\/www.rtvnof.nl\/van-ei-tot-pykje-vijftien-kuikens-geboren-in-de-kleuterklas-van-vivensa-in-dokkum\/739981\/embed\/#?secret=GC4Bf3FozA#?secret=NpIb5GaDuE\" data-secret=\"NpIb5GaDuE\" width=\"600\" height=\"338\" frameborder=\"0\" marginwidth=\"0\" marginheight=\"0\" scrolling=\"no\"><\/iframe><\/div>\n<p>&nbsp;<\/p>\n","protected":false},"excerpt":{"rendered":"<p>Moandei 30 maart 2026 kaam RTV-NOF opnamen meitsjen fan it Klysterprojekt Pykjes yn &#8216;e Klasse. Dit projekt is al jierren in hit op de skoallen yn de klysterregio. Ta gelegenheid fan it 30-jierrich jubileum besteget RTV NOF alle moannen omtinken oan in suksesfol NME-projekt. Hjoed dus in besite oan de beukergroep fan juf Sjoukje fan [&hellip;]<\/p>\n","protected":false},"author":707,"featured_media":101261,"comment_status":"closed","ping_status":"open","sticky":false,"template":"","format":"standard","meta":{"_acf_changed":false,"footnotes":""},"categories":[493],"tags":[],"class_list":["post-101304","post","type-post","status-publish","format-standard","has-post-thumbnail","hentry","category-uncategorized-fy"],"acf":[],"yoast_head":"<!-- This site is optimized with the Yoast SEO plugin v27.4 - https:\/\/yoast.com\/product\/yoast-seo-wordpress\/ -->\n<title>yn &#039;e parse - Pykjes yn &#039;e Klasse | Natuur- en Milieu Educatie Centrum De Klyster<\/title>\n<meta name=\"robots\" content=\"index, follow, max-snippet:-1, max-image-preview:large, max-video-preview:-1\" \/>\n<link rel=\"canonical\" href=\"https:\/\/www.klyster.nl\/fy\/yn-e-parse-pykjes-yn-e-klasse\/\" \/>\n<meta property=\"og:locale\" content=\"en_US\" \/>\n<meta property=\"og:type\" content=\"article\" \/>\n<meta property=\"og:title\" content=\"yn &#039;e parse - Pykjes yn &#039;e Klasse | Natuur- en Milieu Educatie Centrum De Klyster\" \/>\n<meta property=\"og:description\" content=\"Moandei 30 maart 2026 kaam RTV-NOF opnamen meitsjen fan it Klysterprojekt Pykjes yn &#8216;e Klasse. Dit projekt is al jierren in hit op de skoallen yn de klysterregio. Ta gelegenheid fan it 30-jierrich jubileum besteget RTV NOF alle moannen omtinken oan in suksesfol NME-projekt. Hjoed dus in besite oan de beukergroep fan juf Sjoukje fan [&hellip;]\" \/>\n<meta property=\"og:url\" content=\"https:\/\/www.klyster.nl\/fy\/yn-e-parse-pykjes-yn-e-klasse\/\" \/>\n<meta property=\"og:site_name\" content=\"Natuur- en Milieu Educatie Centrum De Klyster\" \/>\n<meta property=\"article:publisher\" content=\"https:\/\/www.facebook.com\/pages\/category\/Nonprofit-Organization\/De-Klyster-183815865735075\/\" \/>\n<meta property=\"article:published_time\" content=\"2026-03-30T11:07:45+00:00\" \/>\n<meta property=\"article:modified_time\" content=\"2026-04-01T18:30:08+00:00\" \/>\n<meta property=\"og:image\" content=\"https:\/\/www.klyster.nl\/wp-content\/uploads\/2026\/03\/2026-Vivensa-leerling-met-kuikentje-Koos-Scherjon.jpg\" \/>\n\t<meta property=\"og:image:width\" content=\"2560\" \/>\n\t<meta property=\"og:image:height\" content=\"1442\" \/>\n\t<meta property=\"og:image:type\" content=\"image\/jpeg\" \/>\n<meta name=\"author\" content=\"Jan Tiede Bouma\" \/>\n<meta name=\"twitter:card\" content=\"summary_large_image\" \/>\n<script type=\"application\/ld+json\" class=\"yoast-schema-graph\">{\"@context\":\"https:\\\/\\\/schema.org\",\"@graph\":[{\"@type\":\"Article\",\"@id\":\"https:\\\/\\\/www.klyster.nl\\\/fy\\\/yn-e-parse-pykjes-yn-e-klasse\\\/#article\",\"isPartOf\":{\"@id\":\"https:\\\/\\\/www.klyster.nl\\\/fy\\\/yn-e-parse-pykjes-yn-e-klasse\\\/\"},\"author\":{\"name\":\"Jan Tiede Bouma\",\"@id\":\"https:\\\/\\\/www.klyster.nl\\\/fy\\\/#\\\/schema\\\/person\\\/21822e4a9dcd556dc7d6338a21dac3be\"},\"headline\":\"yn &#8216;e parse &#8211; Pykjes yn &#8216;e Klasse\",\"datePublished\":\"2026-03-30T11:07:45+00:00\",\"dateModified\":\"2026-04-01T18:30:08+00:00\",\"mainEntityOfPage\":{\"@id\":\"https:\\\/\\\/www.klyster.nl\\\/fy\\\/yn-e-parse-pykjes-yn-e-klasse\\\/\"},\"wordCount\":175,\"publisher\":{\"@id\":\"https:\\\/\\\/www.klyster.nl\\\/fy\\\/#organization\"},\"image\":{\"@id\":\"https:\\\/\\\/www.klyster.nl\\\/fy\\\/yn-e-parse-pykjes-yn-e-klasse\\\/#primaryimage\"},\"thumbnailUrl\":\"https:\\\/\\\/www.klyster.nl\\\/wp-content\\\/uploads\\\/2026\\\/03\\\/2026-Vivensa-leerling-met-kuikentje-Koos-Scherjon.jpg\",\"articleSection\":[\"Uncategorized @fy\"],\"inLanguage\":\"fy\"},{\"@type\":\"WebPage\",\"@id\":\"https:\\\/\\\/www.klyster.nl\\\/fy\\\/yn-e-parse-pykjes-yn-e-klasse\\\/\",\"url\":\"https:\\\/\\\/www.klyster.nl\\\/fy\\\/yn-e-parse-pykjes-yn-e-klasse\\\/\",\"name\":\"yn 'e parse - Pykjes yn 'e Klasse | Natuur- en Milieu Educatie Centrum De Klyster\",\"isPartOf\":{\"@id\":\"https:\\\/\\\/www.klyster.nl\\\/fy\\\/#website\"},\"primaryImageOfPage\":{\"@id\":\"https:\\\/\\\/www.klyster.nl\\\/fy\\\/yn-e-parse-pykjes-yn-e-klasse\\\/#primaryimage\"},\"image\":{\"@id\":\"https:\\\/\\\/www.klyster.nl\\\/fy\\\/yn-e-parse-pykjes-yn-e-klasse\\\/#primaryimage\"},\"thumbnailUrl\":\"https:\\\/\\\/www.klyster.nl\\\/wp-content\\\/uploads\\\/2026\\\/03\\\/2026-Vivensa-leerling-met-kuikentje-Koos-Scherjon.jpg\",\"datePublished\":\"2026-03-30T11:07:45+00:00\",\"dateModified\":\"2026-04-01T18:30:08+00:00\",\"breadcrumb\":{\"@id\":\"https:\\\/\\\/www.klyster.nl\\\/fy\\\/yn-e-parse-pykjes-yn-e-klasse\\\/#breadcrumb\"},\"inLanguage\":\"fy\",\"potentialAction\":[{\"@type\":\"ReadAction\",\"target\":[\"https:\\\/\\\/www.klyster.nl\\\/fy\\\/yn-e-parse-pykjes-yn-e-klasse\\\/\"]}]},{\"@type\":\"ImageObject\",\"inLanguage\":\"fy\",\"@id\":\"https:\\\/\\\/www.klyster.nl\\\/fy\\\/yn-e-parse-pykjes-yn-e-klasse\\\/#primaryimage\",\"url\":\"https:\\\/\\\/www.klyster.nl\\\/wp-content\\\/uploads\\\/2026\\\/03\\\/2026-Vivensa-leerling-met-kuikentje-Koos-Scherjon.jpg\",\"contentUrl\":\"https:\\\/\\\/www.klyster.nl\\\/wp-content\\\/uploads\\\/2026\\\/03\\\/2026-Vivensa-leerling-met-kuikentje-Koos-Scherjon.jpg\",\"width\":2560,\"height\":1442},{\"@type\":\"BreadcrumbList\",\"@id\":\"https:\\\/\\\/www.klyster.nl\\\/fy\\\/yn-e-parse-pykjes-yn-e-klasse\\\/#breadcrumb\",\"itemListElement\":[{\"@type\":\"ListItem\",\"position\":1,\"name\":\"Home\",\"item\":\"https:\\\/\\\/www.klyster.nl\\\/fy\\\/\"},{\"@type\":\"ListItem\",\"position\":2,\"name\":\"yn &#8216;e parse &#8211; Pykjes yn &#8216;e Klasse\"}]},{\"@type\":\"WebSite\",\"@id\":\"https:\\\/\\\/www.klyster.nl\\\/fy\\\/#website\",\"url\":\"https:\\\/\\\/www.klyster.nl\\\/fy\\\/\",\"name\":\"Natuur- en Milieu Educatie Centrum De Klyster\",\"description\":\"It NME-sintrum foar edukaasje yn natuer en duorsumens foar it basis\u00fbnderwiis yn Noardeast-Frysl\u00e2n.\",\"publisher\":{\"@id\":\"https:\\\/\\\/www.klyster.nl\\\/fy\\\/#organization\"},\"potentialAction\":[{\"@type\":\"SearchAction\",\"target\":{\"@type\":\"EntryPoint\",\"urlTemplate\":\"https:\\\/\\\/www.klyster.nl\\\/fy\\\/?s={search_term_string}\"},\"query-input\":{\"@type\":\"PropertyValueSpecification\",\"valueRequired\":true,\"valueName\":\"search_term_string\"}}],\"inLanguage\":\"fy\"},{\"@type\":\"Organization\",\"@id\":\"https:\\\/\\\/www.klyster.nl\\\/fy\\\/#organization\",\"name\":\"Natuur- en Milieu Educatie Centrum De Klyster\",\"url\":\"https:\\\/\\\/www.klyster.nl\\\/fy\\\/\",\"logo\":{\"@type\":\"ImageObject\",\"inLanguage\":\"fy\",\"@id\":\"https:\\\/\\\/www.klyster.nl\\\/fy\\\/#\\\/schema\\\/logo\\\/image\\\/\",\"url\":\"https:\\\/\\\/www.klyster.nl\\\/wp-content\\\/uploads\\\/2020\\\/03\\\/Logo-Klyster-NIEUW-scaled.jpg\",\"contentUrl\":\"https:\\\/\\\/www.klyster.nl\\\/wp-content\\\/uploads\\\/2020\\\/03\\\/Logo-Klyster-NIEUW-scaled.jpg\",\"width\":2560,\"height\":1345,\"caption\":\"Natuur- en Milieu Educatie Centrum De Klyster\"},\"image\":{\"@id\":\"https:\\\/\\\/www.klyster.nl\\\/fy\\\/#\\\/schema\\\/logo\\\/image\\\/\"},\"sameAs\":[\"https:\\\/\\\/www.facebook.com\\\/pages\\\/category\\\/Nonprofit-Organization\\\/De-Klyster-183815865735075\\\/\",\"https:\\\/\\\/www.instagram.com\\\/deklyster\\\/\"]},{\"@type\":\"Person\",\"@id\":\"https:\\\/\\\/www.klyster.nl\\\/fy\\\/#\\\/schema\\\/person\\\/21822e4a9dcd556dc7d6338a21dac3be\",\"name\":\"Jan Tiede Bouma\",\"image\":{\"@type\":\"ImageObject\",\"inLanguage\":\"fy\",\"@id\":\"https:\\\/\\\/secure.gravatar.com\\\/avatar\\\/1e2eada00e0c491b71aacf24904b29025b3ddc521e64d8554030e23288ab951e?s=96&d=mm&r=g\",\"url\":\"https:\\\/\\\/secure.gravatar.com\\\/avatar\\\/1e2eada00e0c491b71aacf24904b29025b3ddc521e64d8554030e23288ab951e?s=96&d=mm&r=g\",\"contentUrl\":\"https:\\\/\\\/secure.gravatar.com\\\/avatar\\\/1e2eada00e0c491b71aacf24904b29025b3ddc521e64d8554030e23288ab951e?s=96&d=mm&r=g\",\"caption\":\"Jan Tiede Bouma\"}}]}<\/script>\n<!-- \/ Yoast SEO plugin. -->","yoast_head_json":{"title":"yn 'e parse - Pykjes yn 'e Klasse | Natuur- en Milieu Educatie Centrum De Klyster","robots":{"index":"index","follow":"follow","max-snippet":"max-snippet:-1","max-image-preview":"max-image-preview:large","max-video-preview":"max-video-preview:-1"},"canonical":"https:\/\/www.klyster.nl\/fy\/yn-e-parse-pykjes-yn-e-klasse\/","og_locale":"en_US","og_type":"article","og_title":"yn 'e parse - Pykjes yn 'e Klasse | Natuur- en Milieu Educatie Centrum De Klyster","og_description":"Moandei 30 maart 2026 kaam RTV-NOF opnamen meitsjen fan it Klysterprojekt Pykjes yn &#8216;e Klasse. Dit projekt is al jierren in hit op de skoallen yn de klysterregio. Ta gelegenheid fan it 30-jierrich jubileum besteget RTV NOF alle moannen omtinken oan in suksesfol NME-projekt. Hjoed dus in besite oan de beukergroep fan juf Sjoukje fan [&hellip;]","og_url":"https:\/\/www.klyster.nl\/fy\/yn-e-parse-pykjes-yn-e-klasse\/","og_site_name":"Natuur- en Milieu Educatie Centrum De Klyster","article_publisher":"https:\/\/www.facebook.com\/pages\/category\/Nonprofit-Organization\/De-Klyster-183815865735075\/","article_published_time":"2026-03-30T11:07:45+00:00","article_modified_time":"2026-04-01T18:30:08+00:00","og_image":[{"width":2560,"height":1442,"url":"https:\/\/www.klyster.nl\/wp-content\/uploads\/2026\/03\/2026-Vivensa-leerling-met-kuikentje-Koos-Scherjon.jpg","type":"image\/jpeg"}],"author":"Jan Tiede Bouma","twitter_card":"summary_large_image","schema":{"@context":"https:\/\/schema.org","@graph":[{"@type":"Article","@id":"https:\/\/www.klyster.nl\/fy\/yn-e-parse-pykjes-yn-e-klasse\/#article","isPartOf":{"@id":"https:\/\/www.klyster.nl\/fy\/yn-e-parse-pykjes-yn-e-klasse\/"},"author":{"name":"Jan Tiede Bouma","@id":"https:\/\/www.klyster.nl\/fy\/#\/schema\/person\/21822e4a9dcd556dc7d6338a21dac3be"},"headline":"yn &#8216;e parse &#8211; Pykjes yn &#8216;e Klasse","datePublished":"2026-03-30T11:07:45+00:00","dateModified":"2026-04-01T18:30:08+00:00","mainEntityOfPage":{"@id":"https:\/\/www.klyster.nl\/fy\/yn-e-parse-pykjes-yn-e-klasse\/"},"wordCount":175,"publisher":{"@id":"https:\/\/www.klyster.nl\/fy\/#organization"},"image":{"@id":"https:\/\/www.klyster.nl\/fy\/yn-e-parse-pykjes-yn-e-klasse\/#primaryimage"},"thumbnailUrl":"https:\/\/www.klyster.nl\/wp-content\/uploads\/2026\/03\/2026-Vivensa-leerling-met-kuikentje-Koos-Scherjon.jpg","articleSection":["Uncategorized @fy"],"inLanguage":"fy"},{"@type":"WebPage","@id":"https:\/\/www.klyster.nl\/fy\/yn-e-parse-pykjes-yn-e-klasse\/","url":"https:\/\/www.klyster.nl\/fy\/yn-e-parse-pykjes-yn-e-klasse\/","name":"yn 'e parse - Pykjes yn 'e Klasse | Natuur- en Milieu Educatie Centrum De Klyster","isPartOf":{"@id":"https:\/\/www.klyster.nl\/fy\/#website"},"primaryImageOfPage":{"@id":"https:\/\/www.klyster.nl\/fy\/yn-e-parse-pykjes-yn-e-klasse\/#primaryimage"},"image":{"@id":"https:\/\/www.klyster.nl\/fy\/yn-e-parse-pykjes-yn-e-klasse\/#primaryimage"},"thumbnailUrl":"https:\/\/www.klyster.nl\/wp-content\/uploads\/2026\/03\/2026-Vivensa-leerling-met-kuikentje-Koos-Scherjon.jpg","datePublished":"2026-03-30T11:07:45+00:00","dateModified":"2026-04-01T18:30:08+00:00","breadcrumb":{"@id":"https:\/\/www.klyster.nl\/fy\/yn-e-parse-pykjes-yn-e-klasse\/#breadcrumb"},"inLanguage":"fy","potentialAction":[{"@type":"ReadAction","target":["https:\/\/www.klyster.nl\/fy\/yn-e-parse-pykjes-yn-e-klasse\/"]}]},{"@type":"ImageObject","inLanguage":"fy","@id":"https:\/\/www.klyster.nl\/fy\/yn-e-parse-pykjes-yn-e-klasse\/#primaryimage","url":"https:\/\/www.klyster.nl\/wp-content\/uploads\/2026\/03\/2026-Vivensa-leerling-met-kuikentje-Koos-Scherjon.jpg","contentUrl":"https:\/\/www.klyster.nl\/wp-content\/uploads\/2026\/03\/2026-Vivensa-leerling-met-kuikentje-Koos-Scherjon.jpg","width":2560,"height":1442},{"@type":"BreadcrumbList","@id":"https:\/\/www.klyster.nl\/fy\/yn-e-parse-pykjes-yn-e-klasse\/#breadcrumb","itemListElement":[{"@type":"ListItem","position":1,"name":"Home","item":"https:\/\/www.klyster.nl\/fy\/"},{"@type":"ListItem","position":2,"name":"yn &#8216;e parse &#8211; Pykjes yn &#8216;e Klasse"}]},{"@type":"WebSite","@id":"https:\/\/www.klyster.nl\/fy\/#website","url":"https:\/\/www.klyster.nl\/fy\/","name":"Natuur- en Milieu Educatie Centrum De Klyster","description":"It NME-sintrum foar edukaasje yn natuer en duorsumens foar it basis\u00fbnderwiis yn Noardeast-Frysl\u00e2n.","publisher":{"@id":"https:\/\/www.klyster.nl\/fy\/#organization"},"potentialAction":[{"@type":"SearchAction","target":{"@type":"EntryPoint","urlTemplate":"https:\/\/www.klyster.nl\/fy\/?s={search_term_string}"},"query-input":{"@type":"PropertyValueSpecification","valueRequired":true,"valueName":"search_term_string"}}],"inLanguage":"fy"},{"@type":"Organization","@id":"https:\/\/www.klyster.nl\/fy\/#organization","name":"Natuur- en Milieu Educatie Centrum De Klyster","url":"https:\/\/www.klyster.nl\/fy\/","logo":{"@type":"ImageObject","inLanguage":"fy","@id":"https:\/\/www.klyster.nl\/fy\/#\/schema\/logo\/image\/","url":"https:\/\/www.klyster.nl\/wp-content\/uploads\/2020\/03\/Logo-Klyster-NIEUW-scaled.jpg","contentUrl":"https:\/\/www.klyster.nl\/wp-content\/uploads\/2020\/03\/Logo-Klyster-NIEUW-scaled.jpg","width":2560,"height":1345,"caption":"Natuur- en Milieu Educatie Centrum De Klyster"},"image":{"@id":"https:\/\/www.klyster.nl\/fy\/#\/schema\/logo\/image\/"},"sameAs":["https:\/\/www.facebook.com\/pages\/category\/Nonprofit-Organization\/De-Klyster-183815865735075\/","https:\/\/www.instagram.com\/deklyster\/"]},{"@type":"Person","@id":"https:\/\/www.klyster.nl\/fy\/#\/schema\/person\/21822e4a9dcd556dc7d6338a21dac3be","name":"Jan Tiede Bouma","image":{"@type":"ImageObject","inLanguage":"fy","@id":"https:\/\/secure.gravatar.com\/avatar\/1e2eada00e0c491b71aacf24904b29025b3ddc521e64d8554030e23288ab951e?s=96&d=mm&r=g","url":"https:\/\/secure.gravatar.com\/avatar\/1e2eada00e0c491b71aacf24904b29025b3ddc521e64d8554030e23288ab951e?s=96&d=mm&r=g","contentUrl":"https:\/\/secure.gravatar.com\/avatar\/1e2eada00e0c491b71aacf24904b29025b3ddc521e64d8554030e23288ab951e?s=96&d=mm&r=g","caption":"Jan Tiede Bouma"}}]}},"_links":{"self":[{"href":"https:\/\/www.klyster.nl\/fy\/wp-json\/wp\/v2\/posts\/101304","targetHints":{"allow":["GET"]}}],"collection":[{"href":"https:\/\/www.klyster.nl\/fy\/wp-json\/wp\/v2\/posts"}],"about":[{"href":"https:\/\/www.klyster.nl\/fy\/wp-json\/wp\/v2\/types\/post"}],"author":[{"embeddable":true,"href":"https:\/\/www.klyster.nl\/fy\/wp-json\/wp\/v2\/users\/707"}],"replies":[{"embeddable":true,"href":"https:\/\/www.klyster.nl\/fy\/wp-json\/wp\/v2\/comments?post=101304"}],"version-history":[{"count":2,"href":"https:\/\/www.klyster.nl\/fy\/wp-json\/wp\/v2\/posts\/101304\/revisions"}],"predecessor-version":[{"id":101306,"href":"https:\/\/www.klyster.nl\/fy\/wp-json\/wp\/v2\/posts\/101304\/revisions\/101306"}],"wp:featuredmedia":[{"embeddable":true,"href":"https:\/\/www.klyster.nl\/fy\/wp-json\/wp\/v2\/media\/101261"}],"wp:attachment":[{"href":"https:\/\/www.klyster.nl\/fy\/wp-json\/wp\/v2\/media?parent=101304"}],"wp:term":[{"taxonomy":"category","embeddable":true,"href":"https:\/\/www.klyster.nl\/fy\/wp-json\/wp\/v2\/categories?post=101304"},{"taxonomy":"post_tag","embeddable":true,"href":"https:\/\/www.klyster.nl\/fy\/wp-json\/wp\/v2\/tags?post=101304"}],"curies":[{"name":"wp","href":"https:\/\/api.w.org\/{rel}","templated":true}]}}