{"id":101299,"date":"2026-03-27T12:45:53","date_gmt":"2026-03-27T11:45:53","guid":{"rendered":"https:\/\/www.klyster.nl\/?p=101299"},"modified":"2026-04-01T20:18:11","modified_gmt":"2026-04-01T18:18:11","slug":"bonifatiusskoalle-tekenet-moestunkontrakt","status":"publish","type":"post","link":"https:\/\/www.klyster.nl\/fy\/bonifatiusskoalle-tekenet-moestunkontrakt\/","title":{"rendered":"Bonifatiusskoalle tekenet moest\u00fankontrakt"},"content":{"rendered":"<p>Groep 6 fan <strong>JKC Sint Bonifatius \u00fat Dokkum<\/strong> giet yn 2026 moest\u00fankjen en wurdt d\u00earyn begelaat troch klyster <strong>moest\u00fancoach Jurjen<\/strong> en klyster <strong>moest\u00fanadviseur Joanneke<\/strong>. Fan april \u00f4f krije de learlingen 20 wiken lang alle wiken op syn minst 1 oere les yn de grientet\u00fan.<\/p>\n<p><em>Op &#8216;e foto yn &#8216;e midden de learkr\u00eaft mei oan har side klysters Joanneke en Jurjen<\/em>.<\/p>\n<p>&nbsp;<\/p>\n","protected":false},"excerpt":{"rendered":"<p>Groep 6 fan JKC Sint Bonifatius \u00fat Dokkum giet yn 2026 moest\u00fankjen en wurdt d\u00earyn begelaat troch klyster moest\u00fancoach Jurjen en klyster moest\u00fanadviseur Joanneke. Fan april \u00f4f krije de learlingen 20 wiken lang alle wiken op syn minst 1 oere les yn de grientet\u00fan. Op &#8216;e foto yn &#8216;e midden de learkr\u00eaft mei oan har [&hellip;]<\/p>\n","protected":false},"author":707,"featured_media":101293,"comment_status":"closed","ping_status":"open","sticky":false,"template":"","format":"standard","meta":{"_acf_changed":false,"footnotes":""},"categories":[493],"tags":[],"class_list":["post-101299","post","type-post","status-publish","format-standard","has-post-thumbnail","hentry","category-uncategorized-fy"],"acf":[],"yoast_head":"<!-- This site is optimized with the Yoast SEO plugin v27.4 - https:\/\/yoast.com\/product\/yoast-seo-wordpress\/ -->\n<title>Bonifatiusskoalle tekenet moest\u00fankontrakt | Natuur- en Milieu Educatie Centrum De Klyster<\/title>\n<meta name=\"robots\" content=\"index, follow, max-snippet:-1, max-image-preview:large, max-video-preview:-1\" \/>\n<link rel=\"canonical\" href=\"https:\/\/www.klyster.nl\/fy\/bonifatiusskoalle-tekenet-moestunkontrakt\/\" \/>\n<meta property=\"og:locale\" content=\"en_US\" \/>\n<meta property=\"og:type\" content=\"article\" \/>\n<meta property=\"og:title\" content=\"Bonifatiusskoalle tekenet moest\u00fankontrakt | Natuur- en Milieu Educatie Centrum De Klyster\" \/>\n<meta property=\"og:description\" content=\"Groep 6 fan JKC Sint Bonifatius \u00fat Dokkum giet yn 2026 moest\u00fankjen en wurdt d\u00earyn begelaat troch klyster moest\u00fancoach Jurjen en klyster moest\u00fanadviseur Joanneke. Fan april \u00f4f krije de learlingen 20 wiken lang alle wiken op syn minst 1 oere les yn de grientet\u00fan. Op &#8216;e foto yn &#8216;e midden de learkr\u00eaft mei oan har [&hellip;]\" \/>\n<meta property=\"og:url\" content=\"https:\/\/www.klyster.nl\/fy\/bonifatiusskoalle-tekenet-moestunkontrakt\/\" \/>\n<meta property=\"og:site_name\" content=\"Natuur- en Milieu Educatie Centrum De Klyster\" \/>\n<meta property=\"article:publisher\" content=\"https:\/\/www.facebook.com\/pages\/category\/Nonprofit-Organization\/De-Klyster-183815865735075\/\" \/>\n<meta property=\"article:published_time\" content=\"2026-03-27T11:45:53+00:00\" \/>\n<meta property=\"article:modified_time\" content=\"2026-04-01T18:18:11+00:00\" \/>\n<meta property=\"og:image\" content=\"https:\/\/www.klyster.nl\/wp-content\/uploads\/2026\/04\/2026-Ondertekening-moestuincontract-Bonifatiusschool.jpg\" \/>\n\t<meta property=\"og:image:width\" content=\"2000\" \/>\n\t<meta property=\"og:image:height\" content=\"1500\" \/>\n\t<meta property=\"og:image:type\" content=\"image\/jpeg\" \/>\n<meta name=\"author\" content=\"Jan Tiede Bouma\" \/>\n<meta name=\"twitter:card\" content=\"summary_large_image\" \/>\n<script type=\"application\/ld+json\" class=\"yoast-schema-graph\">{\"@context\":\"https:\\\/\\\/schema.org\",\"@graph\":[{\"@type\":\"Article\",\"@id\":\"https:\\\/\\\/www.klyster.nl\\\/fy\\\/bonifatiusskoalle-tekenet-moestunkontrakt\\\/#article\",\"isPartOf\":{\"@id\":\"https:\\\/\\\/www.klyster.nl\\\/fy\\\/bonifatiusskoalle-tekenet-moestunkontrakt\\\/\"},\"author\":{\"name\":\"Jan Tiede Bouma\",\"@id\":\"https:\\\/\\\/www.klyster.nl\\\/fy\\\/#\\\/schema\\\/person\\\/21822e4a9dcd556dc7d6338a21dac3be\"},\"headline\":\"Bonifatiusskoalle tekenet moest\u00fankontrakt\",\"datePublished\":\"2026-03-27T11:45:53+00:00\",\"dateModified\":\"2026-04-01T18:18:11+00:00\",\"mainEntityOfPage\":{\"@id\":\"https:\\\/\\\/www.klyster.nl\\\/fy\\\/bonifatiusskoalle-tekenet-moestunkontrakt\\\/\"},\"wordCount\":67,\"publisher\":{\"@id\":\"https:\\\/\\\/www.klyster.nl\\\/fy\\\/#organization\"},\"image\":{\"@id\":\"https:\\\/\\\/www.klyster.nl\\\/fy\\\/bonifatiusskoalle-tekenet-moestunkontrakt\\\/#primaryimage\"},\"thumbnailUrl\":\"https:\\\/\\\/www.klyster.nl\\\/wp-content\\\/uploads\\\/2026\\\/04\\\/2026-Ondertekening-moestuincontract-Bonifatiusschool.jpg\",\"articleSection\":[\"Uncategorized @fy\"],\"inLanguage\":\"fy\"},{\"@type\":\"WebPage\",\"@id\":\"https:\\\/\\\/www.klyster.nl\\\/fy\\\/bonifatiusskoalle-tekenet-moestunkontrakt\\\/\",\"url\":\"https:\\\/\\\/www.klyster.nl\\\/fy\\\/bonifatiusskoalle-tekenet-moestunkontrakt\\\/\",\"name\":\"Bonifatiusskoalle tekenet moest\u00fankontrakt | Natuur- en Milieu Educatie Centrum De Klyster\",\"isPartOf\":{\"@id\":\"https:\\\/\\\/www.klyster.nl\\\/fy\\\/#website\"},\"primaryImageOfPage\":{\"@id\":\"https:\\\/\\\/www.klyster.nl\\\/fy\\\/bonifatiusskoalle-tekenet-moestunkontrakt\\\/#primaryimage\"},\"image\":{\"@id\":\"https:\\\/\\\/www.klyster.nl\\\/fy\\\/bonifatiusskoalle-tekenet-moestunkontrakt\\\/#primaryimage\"},\"thumbnailUrl\":\"https:\\\/\\\/www.klyster.nl\\\/wp-content\\\/uploads\\\/2026\\\/04\\\/2026-Ondertekening-moestuincontract-Bonifatiusschool.jpg\",\"datePublished\":\"2026-03-27T11:45:53+00:00\",\"dateModified\":\"2026-04-01T18:18:11+00:00\",\"breadcrumb\":{\"@id\":\"https:\\\/\\\/www.klyster.nl\\\/fy\\\/bonifatiusskoalle-tekenet-moestunkontrakt\\\/#breadcrumb\"},\"inLanguage\":\"fy\",\"potentialAction\":[{\"@type\":\"ReadAction\",\"target\":[\"https:\\\/\\\/www.klyster.nl\\\/fy\\\/bonifatiusskoalle-tekenet-moestunkontrakt\\\/\"]}]},{\"@type\":\"ImageObject\",\"inLanguage\":\"fy\",\"@id\":\"https:\\\/\\\/www.klyster.nl\\\/fy\\\/bonifatiusskoalle-tekenet-moestunkontrakt\\\/#primaryimage\",\"url\":\"https:\\\/\\\/www.klyster.nl\\\/wp-content\\\/uploads\\\/2026\\\/04\\\/2026-Ondertekening-moestuincontract-Bonifatiusschool.jpg\",\"contentUrl\":\"https:\\\/\\\/www.klyster.nl\\\/wp-content\\\/uploads\\\/2026\\\/04\\\/2026-Ondertekening-moestuincontract-Bonifatiusschool.jpg\",\"width\":2000,\"height\":1500},{\"@type\":\"BreadcrumbList\",\"@id\":\"https:\\\/\\\/www.klyster.nl\\\/fy\\\/bonifatiusskoalle-tekenet-moestunkontrakt\\\/#breadcrumb\",\"itemListElement\":[{\"@type\":\"ListItem\",\"position\":1,\"name\":\"Home\",\"item\":\"https:\\\/\\\/www.klyster.nl\\\/fy\\\/\"},{\"@type\":\"ListItem\",\"position\":2,\"name\":\"Bonifatiusskoalle tekenet moest\u00fankontrakt\"}]},{\"@type\":\"WebSite\",\"@id\":\"https:\\\/\\\/www.klyster.nl\\\/fy\\\/#website\",\"url\":\"https:\\\/\\\/www.klyster.nl\\\/fy\\\/\",\"name\":\"Natuur- en Milieu Educatie Centrum De Klyster\",\"description\":\"It NME-sintrum foar edukaasje yn natuer en duorsumens foar it basis\u00fbnderwiis yn Noardeast-Frysl\u00e2n.\",\"publisher\":{\"@id\":\"https:\\\/\\\/www.klyster.nl\\\/fy\\\/#organization\"},\"potentialAction\":[{\"@type\":\"SearchAction\",\"target\":{\"@type\":\"EntryPoint\",\"urlTemplate\":\"https:\\\/\\\/www.klyster.nl\\\/fy\\\/?s={search_term_string}\"},\"query-input\":{\"@type\":\"PropertyValueSpecification\",\"valueRequired\":true,\"valueName\":\"search_term_string\"}}],\"inLanguage\":\"fy\"},{\"@type\":\"Organization\",\"@id\":\"https:\\\/\\\/www.klyster.nl\\\/fy\\\/#organization\",\"name\":\"Natuur- en Milieu Educatie Centrum De Klyster\",\"url\":\"https:\\\/\\\/www.klyster.nl\\\/fy\\\/\",\"logo\":{\"@type\":\"ImageObject\",\"inLanguage\":\"fy\",\"@id\":\"https:\\\/\\\/www.klyster.nl\\\/fy\\\/#\\\/schema\\\/logo\\\/image\\\/\",\"url\":\"https:\\\/\\\/www.klyster.nl\\\/wp-content\\\/uploads\\\/2020\\\/03\\\/Logo-Klyster-NIEUW-scaled.jpg\",\"contentUrl\":\"https:\\\/\\\/www.klyster.nl\\\/wp-content\\\/uploads\\\/2020\\\/03\\\/Logo-Klyster-NIEUW-scaled.jpg\",\"width\":2560,\"height\":1345,\"caption\":\"Natuur- en Milieu Educatie Centrum De Klyster\"},\"image\":{\"@id\":\"https:\\\/\\\/www.klyster.nl\\\/fy\\\/#\\\/schema\\\/logo\\\/image\\\/\"},\"sameAs\":[\"https:\\\/\\\/www.facebook.com\\\/pages\\\/category\\\/Nonprofit-Organization\\\/De-Klyster-183815865735075\\\/\",\"https:\\\/\\\/www.instagram.com\\\/deklyster\\\/\"]},{\"@type\":\"Person\",\"@id\":\"https:\\\/\\\/www.klyster.nl\\\/fy\\\/#\\\/schema\\\/person\\\/21822e4a9dcd556dc7d6338a21dac3be\",\"name\":\"Jan Tiede Bouma\",\"image\":{\"@type\":\"ImageObject\",\"inLanguage\":\"fy\",\"@id\":\"https:\\\/\\\/secure.gravatar.com\\\/avatar\\\/1e2eada00e0c491b71aacf24904b29025b3ddc521e64d8554030e23288ab951e?s=96&d=mm&r=g\",\"url\":\"https:\\\/\\\/secure.gravatar.com\\\/avatar\\\/1e2eada00e0c491b71aacf24904b29025b3ddc521e64d8554030e23288ab951e?s=96&d=mm&r=g\",\"contentUrl\":\"https:\\\/\\\/secure.gravatar.com\\\/avatar\\\/1e2eada00e0c491b71aacf24904b29025b3ddc521e64d8554030e23288ab951e?s=96&d=mm&r=g\",\"caption\":\"Jan Tiede Bouma\"}}]}<\/script>\n<!-- \/ Yoast SEO plugin. -->","yoast_head_json":{"title":"Bonifatiusskoalle tekenet moest\u00fankontrakt | Natuur- en Milieu Educatie Centrum De Klyster","robots":{"index":"index","follow":"follow","max-snippet":"max-snippet:-1","max-image-preview":"max-image-preview:large","max-video-preview":"max-video-preview:-1"},"canonical":"https:\/\/www.klyster.nl\/fy\/bonifatiusskoalle-tekenet-moestunkontrakt\/","og_locale":"en_US","og_type":"article","og_title":"Bonifatiusskoalle tekenet moest\u00fankontrakt | Natuur- en Milieu Educatie Centrum De Klyster","og_description":"Groep 6 fan JKC Sint Bonifatius \u00fat Dokkum giet yn 2026 moest\u00fankjen en wurdt d\u00earyn begelaat troch klyster moest\u00fancoach Jurjen en klyster moest\u00fanadviseur Joanneke. Fan april \u00f4f krije de learlingen 20 wiken lang alle wiken op syn minst 1 oere les yn de grientet\u00fan. Op &#8216;e foto yn &#8216;e midden de learkr\u00eaft mei oan har [&hellip;]","og_url":"https:\/\/www.klyster.nl\/fy\/bonifatiusskoalle-tekenet-moestunkontrakt\/","og_site_name":"Natuur- en Milieu Educatie Centrum De Klyster","article_publisher":"https:\/\/www.facebook.com\/pages\/category\/Nonprofit-Organization\/De-Klyster-183815865735075\/","article_published_time":"2026-03-27T11:45:53+00:00","article_modified_time":"2026-04-01T18:18:11+00:00","og_image":[{"width":2000,"height":1500,"url":"https:\/\/www.klyster.nl\/wp-content\/uploads\/2026\/04\/2026-Ondertekening-moestuincontract-Bonifatiusschool.jpg","type":"image\/jpeg"}],"author":"Jan Tiede Bouma","twitter_card":"summary_large_image","schema":{"@context":"https:\/\/schema.org","@graph":[{"@type":"Article","@id":"https:\/\/www.klyster.nl\/fy\/bonifatiusskoalle-tekenet-moestunkontrakt\/#article","isPartOf":{"@id":"https:\/\/www.klyster.nl\/fy\/bonifatiusskoalle-tekenet-moestunkontrakt\/"},"author":{"name":"Jan Tiede Bouma","@id":"https:\/\/www.klyster.nl\/fy\/#\/schema\/person\/21822e4a9dcd556dc7d6338a21dac3be"},"headline":"Bonifatiusskoalle tekenet moest\u00fankontrakt","datePublished":"2026-03-27T11:45:53+00:00","dateModified":"2026-04-01T18:18:11+00:00","mainEntityOfPage":{"@id":"https:\/\/www.klyster.nl\/fy\/bonifatiusskoalle-tekenet-moestunkontrakt\/"},"wordCount":67,"publisher":{"@id":"https:\/\/www.klyster.nl\/fy\/#organization"},"image":{"@id":"https:\/\/www.klyster.nl\/fy\/bonifatiusskoalle-tekenet-moestunkontrakt\/#primaryimage"},"thumbnailUrl":"https:\/\/www.klyster.nl\/wp-content\/uploads\/2026\/04\/2026-Ondertekening-moestuincontract-Bonifatiusschool.jpg","articleSection":["Uncategorized @fy"],"inLanguage":"fy"},{"@type":"WebPage","@id":"https:\/\/www.klyster.nl\/fy\/bonifatiusskoalle-tekenet-moestunkontrakt\/","url":"https:\/\/www.klyster.nl\/fy\/bonifatiusskoalle-tekenet-moestunkontrakt\/","name":"Bonifatiusskoalle tekenet moest\u00fankontrakt | Natuur- en Milieu Educatie Centrum De Klyster","isPartOf":{"@id":"https:\/\/www.klyster.nl\/fy\/#website"},"primaryImageOfPage":{"@id":"https:\/\/www.klyster.nl\/fy\/bonifatiusskoalle-tekenet-moestunkontrakt\/#primaryimage"},"image":{"@id":"https:\/\/www.klyster.nl\/fy\/bonifatiusskoalle-tekenet-moestunkontrakt\/#primaryimage"},"thumbnailUrl":"https:\/\/www.klyster.nl\/wp-content\/uploads\/2026\/04\/2026-Ondertekening-moestuincontract-Bonifatiusschool.jpg","datePublished":"2026-03-27T11:45:53+00:00","dateModified":"2026-04-01T18:18:11+00:00","breadcrumb":{"@id":"https:\/\/www.klyster.nl\/fy\/bonifatiusskoalle-tekenet-moestunkontrakt\/#breadcrumb"},"inLanguage":"fy","potentialAction":[{"@type":"ReadAction","target":["https:\/\/www.klyster.nl\/fy\/bonifatiusskoalle-tekenet-moestunkontrakt\/"]}]},{"@type":"ImageObject","inLanguage":"fy","@id":"https:\/\/www.klyster.nl\/fy\/bonifatiusskoalle-tekenet-moestunkontrakt\/#primaryimage","url":"https:\/\/www.klyster.nl\/wp-content\/uploads\/2026\/04\/2026-Ondertekening-moestuincontract-Bonifatiusschool.jpg","contentUrl":"https:\/\/www.klyster.nl\/wp-content\/uploads\/2026\/04\/2026-Ondertekening-moestuincontract-Bonifatiusschool.jpg","width":2000,"height":1500},{"@type":"BreadcrumbList","@id":"https:\/\/www.klyster.nl\/fy\/bonifatiusskoalle-tekenet-moestunkontrakt\/#breadcrumb","itemListElement":[{"@type":"ListItem","position":1,"name":"Home","item":"https:\/\/www.klyster.nl\/fy\/"},{"@type":"ListItem","position":2,"name":"Bonifatiusskoalle tekenet moest\u00fankontrakt"}]},{"@type":"WebSite","@id":"https:\/\/www.klyster.nl\/fy\/#website","url":"https:\/\/www.klyster.nl\/fy\/","name":"Natuur- en Milieu Educatie Centrum De Klyster","description":"It NME-sintrum foar edukaasje yn natuer en duorsumens foar it basis\u00fbnderwiis yn Noardeast-Frysl\u00e2n.","publisher":{"@id":"https:\/\/www.klyster.nl\/fy\/#organization"},"potentialAction":[{"@type":"SearchAction","target":{"@type":"EntryPoint","urlTemplate":"https:\/\/www.klyster.nl\/fy\/?s={search_term_string}"},"query-input":{"@type":"PropertyValueSpecification","valueRequired":true,"valueName":"search_term_string"}}],"inLanguage":"fy"},{"@type":"Organization","@id":"https:\/\/www.klyster.nl\/fy\/#organization","name":"Natuur- en Milieu Educatie Centrum De Klyster","url":"https:\/\/www.klyster.nl\/fy\/","logo":{"@type":"ImageObject","inLanguage":"fy","@id":"https:\/\/www.klyster.nl\/fy\/#\/schema\/logo\/image\/","url":"https:\/\/www.klyster.nl\/wp-content\/uploads\/2020\/03\/Logo-Klyster-NIEUW-scaled.jpg","contentUrl":"https:\/\/www.klyster.nl\/wp-content\/uploads\/2020\/03\/Logo-Klyster-NIEUW-scaled.jpg","width":2560,"height":1345,"caption":"Natuur- en Milieu Educatie Centrum De Klyster"},"image":{"@id":"https:\/\/www.klyster.nl\/fy\/#\/schema\/logo\/image\/"},"sameAs":["https:\/\/www.facebook.com\/pages\/category\/Nonprofit-Organization\/De-Klyster-183815865735075\/","https:\/\/www.instagram.com\/deklyster\/"]},{"@type":"Person","@id":"https:\/\/www.klyster.nl\/fy\/#\/schema\/person\/21822e4a9dcd556dc7d6338a21dac3be","name":"Jan Tiede Bouma","image":{"@type":"ImageObject","inLanguage":"fy","@id":"https:\/\/secure.gravatar.com\/avatar\/1e2eada00e0c491b71aacf24904b29025b3ddc521e64d8554030e23288ab951e?s=96&d=mm&r=g","url":"https:\/\/secure.gravatar.com\/avatar\/1e2eada00e0c491b71aacf24904b29025b3ddc521e64d8554030e23288ab951e?s=96&d=mm&r=g","contentUrl":"https:\/\/secure.gravatar.com\/avatar\/1e2eada00e0c491b71aacf24904b29025b3ddc521e64d8554030e23288ab951e?s=96&d=mm&r=g","caption":"Jan Tiede Bouma"}}]}},"_links":{"self":[{"href":"https:\/\/www.klyster.nl\/fy\/wp-json\/wp\/v2\/posts\/101299","targetHints":{"allow":["GET"]}}],"collection":[{"href":"https:\/\/www.klyster.nl\/fy\/wp-json\/wp\/v2\/posts"}],"about":[{"href":"https:\/\/www.klyster.nl\/fy\/wp-json\/wp\/v2\/types\/post"}],"author":[{"embeddable":true,"href":"https:\/\/www.klyster.nl\/fy\/wp-json\/wp\/v2\/users\/707"}],"replies":[{"embeddable":true,"href":"https:\/\/www.klyster.nl\/fy\/wp-json\/wp\/v2\/comments?post=101299"}],"version-history":[{"count":3,"href":"https:\/\/www.klyster.nl\/fy\/wp-json\/wp\/v2\/posts\/101299\/revisions"}],"predecessor-version":[{"id":101301,"href":"https:\/\/www.klyster.nl\/fy\/wp-json\/wp\/v2\/posts\/101299\/revisions\/101301"}],"wp:featuredmedia":[{"embeddable":true,"href":"https:\/\/www.klyster.nl\/fy\/wp-json\/wp\/v2\/media\/101293"}],"wp:attachment":[{"href":"https:\/\/www.klyster.nl\/fy\/wp-json\/wp\/v2\/media?parent=101299"}],"wp:term":[{"taxonomy":"category","embeddable":true,"href":"https:\/\/www.klyster.nl\/fy\/wp-json\/wp\/v2\/categories?post=101299"},{"taxonomy":"post_tag","embeddable":true,"href":"https:\/\/www.klyster.nl\/fy\/wp-json\/wp\/v2\/tags?post=101299"}],"curies":[{"name":"wp","href":"https:\/\/api.w.org\/{rel}","templated":true}]}}