{"id":101238,"date":"2026-03-27T12:52:35","date_gmt":"2026-03-27T11:52:35","guid":{"rendered":"https:\/\/www.klyster.nl\/?p=101238"},"modified":"2026-03-30T15:22:27","modified_gmt":"2026-03-30T13:22:27","slug":"nwt-konferinsje-2026","status":"publish","type":"post","link":"https:\/\/www.klyster.nl\/fy\/nwt-konferinsje-2026\/","title":{"rendered":"NWT konferinsje 2026"},"content":{"rendered":"<p>Op freed 27 maart 2026 organisearre <strong>NWT (Natuer, Wittenskip &amp; Technyk) de lanlike konferinsje &#8216;toekomst in zicht&#8217;<\/strong> foar basisskoallelearkr\u00eaften en NME-meiwurkers. De jierlikse konferinsje rjochte him diskear op&#8217;e takomst fan natuer, wittenskip en technyk yn it basis\u00fbnderwiis, mei tema&#8217;s as stedsk aktivisme en griene skoaltunen. Ek de nije kearndoelen foar it prim\u00ear \u00fbnderwiis waarden yn ferskate sesjes \u00fat&#8217;e doeken dien. Benammen de kearndoelen binnen it domein Minske en Natuer stiene yn de skynwerper. Keynote sprekker <strong>Menno Schilthuizen<\/strong> hold in nijsgjirrige l\u00eazing oer boargerwittenskip yn&#8217;e stedsnatuer.<\/p>\n<p>Ut namme fan De Klyster wiene <strong>Eline van den Nieuwenhof en Marjolein Staal<\/strong> oanw\u00eazich: &#8220;<em>wy sjogge werom op in tige learsume en ynspirearjende dei en nimme wer hiel wat nije kennis en idee\u00ebn mei nei De Klyster<\/em>&#8220;.<\/p>\n","protected":false},"excerpt":{"rendered":"<p>Op freed 27 maart 2026 organisearre NWT (Natuer, Wittenskip &amp; Technyk) de lanlike konferinsje &#8216;toekomst in zicht&#8217; foar basisskoallelearkr\u00eaften en NME-meiwurkers. De jierlikse konferinsje rjochte him diskear op&#8217;e takomst fan natuer, wittenskip en technyk yn it basis\u00fbnderwiis, mei tema&#8217;s as stedsk aktivisme en griene skoaltunen. Ek de nije kearndoelen foar it prim\u00ear \u00fbnderwiis waarden yn [&hellip;]<\/p>\n","protected":false},"author":707,"featured_media":101224,"comment_status":"closed","ping_status":"open","sticky":false,"template":"","format":"standard","meta":{"_acf_changed":false,"footnotes":""},"categories":[493],"tags":[],"class_list":["post-101238","post","type-post","status-publish","format-standard","has-post-thumbnail","hentry","category-uncategorized-fy"],"acf":[],"yoast_head":"<!-- This site is optimized with the Yoast SEO plugin v27.4 - https:\/\/yoast.com\/product\/yoast-seo-wordpress\/ -->\n<title>NWT konferinsje 2026 | Natuur- en Milieu Educatie Centrum De Klyster<\/title>\n<meta name=\"robots\" content=\"index, follow, max-snippet:-1, max-image-preview:large, max-video-preview:-1\" \/>\n<link rel=\"canonical\" href=\"https:\/\/www.klyster.nl\/fy\/nwt-konferinsje-2026\/\" \/>\n<meta property=\"og:locale\" content=\"en_US\" \/>\n<meta property=\"og:type\" content=\"article\" \/>\n<meta property=\"og:title\" content=\"NWT konferinsje 2026 | Natuur- en Milieu Educatie Centrum De Klyster\" \/>\n<meta property=\"og:description\" content=\"Op freed 27 maart 2026 organisearre NWT (Natuer, Wittenskip &amp; Technyk) de lanlike konferinsje &#8216;toekomst in zicht&#8217; foar basisskoallelearkr\u00eaften en NME-meiwurkers. De jierlikse konferinsje rjochte him diskear op&#8217;e takomst fan natuer, wittenskip en technyk yn it basis\u00fbnderwiis, mei tema&#8217;s as stedsk aktivisme en griene skoaltunen. Ek de nije kearndoelen foar it prim\u00ear \u00fbnderwiis waarden yn [&hellip;]\" \/>\n<meta property=\"og:url\" content=\"https:\/\/www.klyster.nl\/fy\/nwt-konferinsje-2026\/\" \/>\n<meta property=\"og:site_name\" content=\"Natuur- en Milieu Educatie Centrum De Klyster\" \/>\n<meta property=\"article:publisher\" content=\"https:\/\/www.facebook.com\/pages\/category\/Nonprofit-Organization\/De-Klyster-183815865735075\/\" \/>\n<meta property=\"article:published_time\" content=\"2026-03-27T11:52:35+00:00\" \/>\n<meta property=\"article:modified_time\" content=\"2026-03-30T13:22:27+00:00\" \/>\n<meta property=\"og:image\" content=\"https:\/\/www.klyster.nl\/wp-content\/uploads\/2026\/03\/NWT-conferentie.jpg\" \/>\n\t<meta property=\"og:image:width\" content=\"828\" \/>\n\t<meta property=\"og:image:height\" content=\"1086\" \/>\n\t<meta property=\"og:image:type\" content=\"image\/jpeg\" \/>\n<meta name=\"author\" content=\"Jan Tiede Bouma\" \/>\n<meta name=\"twitter:card\" content=\"summary_large_image\" \/>\n<script type=\"application\/ld+json\" class=\"yoast-schema-graph\">{\"@context\":\"https:\\\/\\\/schema.org\",\"@graph\":[{\"@type\":\"Article\",\"@id\":\"https:\\\/\\\/www.klyster.nl\\\/fy\\\/nwt-konferinsje-2026\\\/#article\",\"isPartOf\":{\"@id\":\"https:\\\/\\\/www.klyster.nl\\\/fy\\\/nwt-konferinsje-2026\\\/\"},\"author\":{\"name\":\"Jan Tiede Bouma\",\"@id\":\"https:\\\/\\\/www.klyster.nl\\\/fy\\\/#\\\/schema\\\/person\\\/21822e4a9dcd556dc7d6338a21dac3be\"},\"headline\":\"NWT konferinsje 2026\",\"datePublished\":\"2026-03-27T11:52:35+00:00\",\"dateModified\":\"2026-03-30T13:22:27+00:00\",\"mainEntityOfPage\":{\"@id\":\"https:\\\/\\\/www.klyster.nl\\\/fy\\\/nwt-konferinsje-2026\\\/\"},\"wordCount\":132,\"publisher\":{\"@id\":\"https:\\\/\\\/www.klyster.nl\\\/fy\\\/#organization\"},\"image\":{\"@id\":\"https:\\\/\\\/www.klyster.nl\\\/fy\\\/nwt-konferinsje-2026\\\/#primaryimage\"},\"thumbnailUrl\":\"https:\\\/\\\/www.klyster.nl\\\/wp-content\\\/uploads\\\/2026\\\/03\\\/NWT-conferentie.jpg\",\"articleSection\":[\"Uncategorized @fy\"],\"inLanguage\":\"fy\"},{\"@type\":\"WebPage\",\"@id\":\"https:\\\/\\\/www.klyster.nl\\\/fy\\\/nwt-konferinsje-2026\\\/\",\"url\":\"https:\\\/\\\/www.klyster.nl\\\/fy\\\/nwt-konferinsje-2026\\\/\",\"name\":\"NWT konferinsje 2026 | Natuur- en Milieu Educatie Centrum De Klyster\",\"isPartOf\":{\"@id\":\"https:\\\/\\\/www.klyster.nl\\\/fy\\\/#website\"},\"primaryImageOfPage\":{\"@id\":\"https:\\\/\\\/www.klyster.nl\\\/fy\\\/nwt-konferinsje-2026\\\/#primaryimage\"},\"image\":{\"@id\":\"https:\\\/\\\/www.klyster.nl\\\/fy\\\/nwt-konferinsje-2026\\\/#primaryimage\"},\"thumbnailUrl\":\"https:\\\/\\\/www.klyster.nl\\\/wp-content\\\/uploads\\\/2026\\\/03\\\/NWT-conferentie.jpg\",\"datePublished\":\"2026-03-27T11:52:35+00:00\",\"dateModified\":\"2026-03-30T13:22:27+00:00\",\"breadcrumb\":{\"@id\":\"https:\\\/\\\/www.klyster.nl\\\/fy\\\/nwt-konferinsje-2026\\\/#breadcrumb\"},\"inLanguage\":\"fy\",\"potentialAction\":[{\"@type\":\"ReadAction\",\"target\":[\"https:\\\/\\\/www.klyster.nl\\\/fy\\\/nwt-konferinsje-2026\\\/\"]}]},{\"@type\":\"ImageObject\",\"inLanguage\":\"fy\",\"@id\":\"https:\\\/\\\/www.klyster.nl\\\/fy\\\/nwt-konferinsje-2026\\\/#primaryimage\",\"url\":\"https:\\\/\\\/www.klyster.nl\\\/wp-content\\\/uploads\\\/2026\\\/03\\\/NWT-conferentie.jpg\",\"contentUrl\":\"https:\\\/\\\/www.klyster.nl\\\/wp-content\\\/uploads\\\/2026\\\/03\\\/NWT-conferentie.jpg\",\"width\":828,\"height\":1086},{\"@type\":\"BreadcrumbList\",\"@id\":\"https:\\\/\\\/www.klyster.nl\\\/fy\\\/nwt-konferinsje-2026\\\/#breadcrumb\",\"itemListElement\":[{\"@type\":\"ListItem\",\"position\":1,\"name\":\"Home\",\"item\":\"https:\\\/\\\/www.klyster.nl\\\/fy\\\/\"},{\"@type\":\"ListItem\",\"position\":2,\"name\":\"NWT konferinsje 2026\"}]},{\"@type\":\"WebSite\",\"@id\":\"https:\\\/\\\/www.klyster.nl\\\/fy\\\/#website\",\"url\":\"https:\\\/\\\/www.klyster.nl\\\/fy\\\/\",\"name\":\"Natuur- en Milieu Educatie Centrum De Klyster\",\"description\":\"It NME-sintrum foar edukaasje yn natuer en duorsumens foar it basis\u00fbnderwiis yn Noardeast-Frysl\u00e2n.\",\"publisher\":{\"@id\":\"https:\\\/\\\/www.klyster.nl\\\/fy\\\/#organization\"},\"potentialAction\":[{\"@type\":\"SearchAction\",\"target\":{\"@type\":\"EntryPoint\",\"urlTemplate\":\"https:\\\/\\\/www.klyster.nl\\\/fy\\\/?s={search_term_string}\"},\"query-input\":{\"@type\":\"PropertyValueSpecification\",\"valueRequired\":true,\"valueName\":\"search_term_string\"}}],\"inLanguage\":\"fy\"},{\"@type\":\"Organization\",\"@id\":\"https:\\\/\\\/www.klyster.nl\\\/fy\\\/#organization\",\"name\":\"Natuur- en Milieu Educatie Centrum De Klyster\",\"url\":\"https:\\\/\\\/www.klyster.nl\\\/fy\\\/\",\"logo\":{\"@type\":\"ImageObject\",\"inLanguage\":\"fy\",\"@id\":\"https:\\\/\\\/www.klyster.nl\\\/fy\\\/#\\\/schema\\\/logo\\\/image\\\/\",\"url\":\"https:\\\/\\\/www.klyster.nl\\\/wp-content\\\/uploads\\\/2020\\\/03\\\/Logo-Klyster-NIEUW-scaled.jpg\",\"contentUrl\":\"https:\\\/\\\/www.klyster.nl\\\/wp-content\\\/uploads\\\/2020\\\/03\\\/Logo-Klyster-NIEUW-scaled.jpg\",\"width\":2560,\"height\":1345,\"caption\":\"Natuur- en Milieu Educatie Centrum De Klyster\"},\"image\":{\"@id\":\"https:\\\/\\\/www.klyster.nl\\\/fy\\\/#\\\/schema\\\/logo\\\/image\\\/\"},\"sameAs\":[\"https:\\\/\\\/www.facebook.com\\\/pages\\\/category\\\/Nonprofit-Organization\\\/De-Klyster-183815865735075\\\/\",\"https:\\\/\\\/www.instagram.com\\\/deklyster\\\/\"]},{\"@type\":\"Person\",\"@id\":\"https:\\\/\\\/www.klyster.nl\\\/fy\\\/#\\\/schema\\\/person\\\/21822e4a9dcd556dc7d6338a21dac3be\",\"name\":\"Jan Tiede Bouma\",\"image\":{\"@type\":\"ImageObject\",\"inLanguage\":\"fy\",\"@id\":\"https:\\\/\\\/secure.gravatar.com\\\/avatar\\\/1e2eada00e0c491b71aacf24904b29025b3ddc521e64d8554030e23288ab951e?s=96&d=mm&r=g\",\"url\":\"https:\\\/\\\/secure.gravatar.com\\\/avatar\\\/1e2eada00e0c491b71aacf24904b29025b3ddc521e64d8554030e23288ab951e?s=96&d=mm&r=g\",\"contentUrl\":\"https:\\\/\\\/secure.gravatar.com\\\/avatar\\\/1e2eada00e0c491b71aacf24904b29025b3ddc521e64d8554030e23288ab951e?s=96&d=mm&r=g\",\"caption\":\"Jan Tiede Bouma\"}}]}<\/script>\n<!-- \/ Yoast SEO plugin. -->","yoast_head_json":{"title":"NWT konferinsje 2026 | Natuur- en Milieu Educatie Centrum De Klyster","robots":{"index":"index","follow":"follow","max-snippet":"max-snippet:-1","max-image-preview":"max-image-preview:large","max-video-preview":"max-video-preview:-1"},"canonical":"https:\/\/www.klyster.nl\/fy\/nwt-konferinsje-2026\/","og_locale":"en_US","og_type":"article","og_title":"NWT konferinsje 2026 | Natuur- en Milieu Educatie Centrum De Klyster","og_description":"Op freed 27 maart 2026 organisearre NWT (Natuer, Wittenskip &amp; Technyk) de lanlike konferinsje &#8216;toekomst in zicht&#8217; foar basisskoallelearkr\u00eaften en NME-meiwurkers. De jierlikse konferinsje rjochte him diskear op&#8217;e takomst fan natuer, wittenskip en technyk yn it basis\u00fbnderwiis, mei tema&#8217;s as stedsk aktivisme en griene skoaltunen. Ek de nije kearndoelen foar it prim\u00ear \u00fbnderwiis waarden yn [&hellip;]","og_url":"https:\/\/www.klyster.nl\/fy\/nwt-konferinsje-2026\/","og_site_name":"Natuur- en Milieu Educatie Centrum De Klyster","article_publisher":"https:\/\/www.facebook.com\/pages\/category\/Nonprofit-Organization\/De-Klyster-183815865735075\/","article_published_time":"2026-03-27T11:52:35+00:00","article_modified_time":"2026-03-30T13:22:27+00:00","og_image":[{"width":828,"height":1086,"url":"https:\/\/www.klyster.nl\/wp-content\/uploads\/2026\/03\/NWT-conferentie.jpg","type":"image\/jpeg"}],"author":"Jan Tiede Bouma","twitter_card":"summary_large_image","schema":{"@context":"https:\/\/schema.org","@graph":[{"@type":"Article","@id":"https:\/\/www.klyster.nl\/fy\/nwt-konferinsje-2026\/#article","isPartOf":{"@id":"https:\/\/www.klyster.nl\/fy\/nwt-konferinsje-2026\/"},"author":{"name":"Jan Tiede Bouma","@id":"https:\/\/www.klyster.nl\/fy\/#\/schema\/person\/21822e4a9dcd556dc7d6338a21dac3be"},"headline":"NWT konferinsje 2026","datePublished":"2026-03-27T11:52:35+00:00","dateModified":"2026-03-30T13:22:27+00:00","mainEntityOfPage":{"@id":"https:\/\/www.klyster.nl\/fy\/nwt-konferinsje-2026\/"},"wordCount":132,"publisher":{"@id":"https:\/\/www.klyster.nl\/fy\/#organization"},"image":{"@id":"https:\/\/www.klyster.nl\/fy\/nwt-konferinsje-2026\/#primaryimage"},"thumbnailUrl":"https:\/\/www.klyster.nl\/wp-content\/uploads\/2026\/03\/NWT-conferentie.jpg","articleSection":["Uncategorized @fy"],"inLanguage":"fy"},{"@type":"WebPage","@id":"https:\/\/www.klyster.nl\/fy\/nwt-konferinsje-2026\/","url":"https:\/\/www.klyster.nl\/fy\/nwt-konferinsje-2026\/","name":"NWT konferinsje 2026 | Natuur- en Milieu Educatie Centrum De Klyster","isPartOf":{"@id":"https:\/\/www.klyster.nl\/fy\/#website"},"primaryImageOfPage":{"@id":"https:\/\/www.klyster.nl\/fy\/nwt-konferinsje-2026\/#primaryimage"},"image":{"@id":"https:\/\/www.klyster.nl\/fy\/nwt-konferinsje-2026\/#primaryimage"},"thumbnailUrl":"https:\/\/www.klyster.nl\/wp-content\/uploads\/2026\/03\/NWT-conferentie.jpg","datePublished":"2026-03-27T11:52:35+00:00","dateModified":"2026-03-30T13:22:27+00:00","breadcrumb":{"@id":"https:\/\/www.klyster.nl\/fy\/nwt-konferinsje-2026\/#breadcrumb"},"inLanguage":"fy","potentialAction":[{"@type":"ReadAction","target":["https:\/\/www.klyster.nl\/fy\/nwt-konferinsje-2026\/"]}]},{"@type":"ImageObject","inLanguage":"fy","@id":"https:\/\/www.klyster.nl\/fy\/nwt-konferinsje-2026\/#primaryimage","url":"https:\/\/www.klyster.nl\/wp-content\/uploads\/2026\/03\/NWT-conferentie.jpg","contentUrl":"https:\/\/www.klyster.nl\/wp-content\/uploads\/2026\/03\/NWT-conferentie.jpg","width":828,"height":1086},{"@type":"BreadcrumbList","@id":"https:\/\/www.klyster.nl\/fy\/nwt-konferinsje-2026\/#breadcrumb","itemListElement":[{"@type":"ListItem","position":1,"name":"Home","item":"https:\/\/www.klyster.nl\/fy\/"},{"@type":"ListItem","position":2,"name":"NWT konferinsje 2026"}]},{"@type":"WebSite","@id":"https:\/\/www.klyster.nl\/fy\/#website","url":"https:\/\/www.klyster.nl\/fy\/","name":"Natuur- en Milieu Educatie Centrum De Klyster","description":"It NME-sintrum foar edukaasje yn natuer en duorsumens foar it basis\u00fbnderwiis yn Noardeast-Frysl\u00e2n.","publisher":{"@id":"https:\/\/www.klyster.nl\/fy\/#organization"},"potentialAction":[{"@type":"SearchAction","target":{"@type":"EntryPoint","urlTemplate":"https:\/\/www.klyster.nl\/fy\/?s={search_term_string}"},"query-input":{"@type":"PropertyValueSpecification","valueRequired":true,"valueName":"search_term_string"}}],"inLanguage":"fy"},{"@type":"Organization","@id":"https:\/\/www.klyster.nl\/fy\/#organization","name":"Natuur- en Milieu Educatie Centrum De Klyster","url":"https:\/\/www.klyster.nl\/fy\/","logo":{"@type":"ImageObject","inLanguage":"fy","@id":"https:\/\/www.klyster.nl\/fy\/#\/schema\/logo\/image\/","url":"https:\/\/www.klyster.nl\/wp-content\/uploads\/2020\/03\/Logo-Klyster-NIEUW-scaled.jpg","contentUrl":"https:\/\/www.klyster.nl\/wp-content\/uploads\/2020\/03\/Logo-Klyster-NIEUW-scaled.jpg","width":2560,"height":1345,"caption":"Natuur- en Milieu Educatie Centrum De Klyster"},"image":{"@id":"https:\/\/www.klyster.nl\/fy\/#\/schema\/logo\/image\/"},"sameAs":["https:\/\/www.facebook.com\/pages\/category\/Nonprofit-Organization\/De-Klyster-183815865735075\/","https:\/\/www.instagram.com\/deklyster\/"]},{"@type":"Person","@id":"https:\/\/www.klyster.nl\/fy\/#\/schema\/person\/21822e4a9dcd556dc7d6338a21dac3be","name":"Jan Tiede Bouma","image":{"@type":"ImageObject","inLanguage":"fy","@id":"https:\/\/secure.gravatar.com\/avatar\/1e2eada00e0c491b71aacf24904b29025b3ddc521e64d8554030e23288ab951e?s=96&d=mm&r=g","url":"https:\/\/secure.gravatar.com\/avatar\/1e2eada00e0c491b71aacf24904b29025b3ddc521e64d8554030e23288ab951e?s=96&d=mm&r=g","contentUrl":"https:\/\/secure.gravatar.com\/avatar\/1e2eada00e0c491b71aacf24904b29025b3ddc521e64d8554030e23288ab951e?s=96&d=mm&r=g","caption":"Jan Tiede Bouma"}}]}},"_links":{"self":[{"href":"https:\/\/www.klyster.nl\/fy\/wp-json\/wp\/v2\/posts\/101238","targetHints":{"allow":["GET"]}}],"collection":[{"href":"https:\/\/www.klyster.nl\/fy\/wp-json\/wp\/v2\/posts"}],"about":[{"href":"https:\/\/www.klyster.nl\/fy\/wp-json\/wp\/v2\/types\/post"}],"author":[{"embeddable":true,"href":"https:\/\/www.klyster.nl\/fy\/wp-json\/wp\/v2\/users\/707"}],"replies":[{"embeddable":true,"href":"https:\/\/www.klyster.nl\/fy\/wp-json\/wp\/v2\/comments?post=101238"}],"version-history":[{"count":2,"href":"https:\/\/www.klyster.nl\/fy\/wp-json\/wp\/v2\/posts\/101238\/revisions"}],"predecessor-version":[{"id":101240,"href":"https:\/\/www.klyster.nl\/fy\/wp-json\/wp\/v2\/posts\/101238\/revisions\/101240"}],"wp:featuredmedia":[{"embeddable":true,"href":"https:\/\/www.klyster.nl\/fy\/wp-json\/wp\/v2\/media\/101224"}],"wp:attachment":[{"href":"https:\/\/www.klyster.nl\/fy\/wp-json\/wp\/v2\/media?parent=101238"}],"wp:term":[{"taxonomy":"category","embeddable":true,"href":"https:\/\/www.klyster.nl\/fy\/wp-json\/wp\/v2\/categories?post=101238"},{"taxonomy":"post_tag","embeddable":true,"href":"https:\/\/www.klyster.nl\/fy\/wp-json\/wp\/v2\/tags?post=101238"}],"curies":[{"name":"wp","href":"https:\/\/api.w.org\/{rel}","templated":true}]}}