{"id":101198,"date":"2026-03-26T15:38:15","date_gmt":"2026-03-26T14:38:15","guid":{"rendered":"https:\/\/www.klyster.nl\/?p=101198"},"modified":"2026-03-27T20:44:57","modified_gmt":"2026-03-27T19:44:57","slug":"oerlis-wethalders-ofskied-wethalder-hanneke-jouta","status":"publish","type":"post","link":"https:\/\/www.klyster.nl\/fy\/oerlis-wethalders-ofskied-wethalder-hanneke-jouta\/","title":{"rendered":"Oerlis weth\u00e2lders &#8211; \u00f4fskied weth\u00e2lder Hanneke Jouta"},"content":{"rendered":"<p>Op tongersdei 26 maart 2026 wie it healjierliks oerlis tusken De Klyster en de portef\u00faljeh\u00e2lders fan Dantumadiel en Noardeast-Frysl\u00e2n. It jierferslach 2025 waard mei de weth\u00e2lders bepraat en akkordearre. Fierder kamen rinnende saken oan&#8217;e oarder en waard \u00f4fpraat dat de weth\u00e2lders ek yn 2026 graach belutsen wurde wolle by NME-aktiviteiten as de foarl\u00easdei, beamplantdei, projekt Stinzeskatten en ekskurzjes.<\/p>\n<p><strong>Weth\u00e2lder Hanneke Jouta<\/strong> fergadere foar it l\u00east by De Klyster. Sy keart net werom as weth\u00e2lder nei de ferkiezingen. Nei \u00f4frin betanken weth\u00e2lder en teamlieder inoar foar de fruchtbere gearwurking. Weth\u00e2lder Jouta krige in presintsje fan De Klyster as tank en <strong>teamlieder Marjolein Staal<\/strong> krige op har beurt trije tegeltsjes fan de skiedend weth\u00e2lder.<\/p>\n<p><strong>Weth\u00e2lder Wiebe Strikwerda<\/strong> wachtet de ko\u00e4lysjefoarming earst \u00f4f en koe noch net sizze oft hy al of net weromkomme sil yn it kolleezje fan B &amp; W fan Dantumadiel.<\/p>\n<p>&nbsp;<\/p>\n","protected":false},"excerpt":{"rendered":"<p>Op tongersdei 26 maart 2026 wie it healjierliks oerlis tusken De Klyster en de portef\u00faljeh\u00e2lders fan Dantumadiel en Noardeast-Frysl\u00e2n. It jierferslach 2025 waard mei de weth\u00e2lders bepraat en akkordearre. Fierder kamen rinnende saken oan&#8217;e oarder en waard \u00f4fpraat dat de weth\u00e2lders ek yn 2026 graach belutsen wurde wolle by NME-aktiviteiten as de foarl\u00easdei, beamplantdei, projekt [&hellip;]<\/p>\n","protected":false},"author":707,"featured_media":101194,"comment_status":"closed","ping_status":"open","sticky":false,"template":"","format":"standard","meta":{"_acf_changed":false,"footnotes":""},"categories":[493],"tags":[],"class_list":["post-101198","post","type-post","status-publish","format-standard","has-post-thumbnail","hentry","category-uncategorized-fy"],"acf":[],"yoast_head":"<!-- This site is optimized with the Yoast SEO plugin v27.4 - https:\/\/yoast.com\/product\/yoast-seo-wordpress\/ -->\n<title>Oerlis weth\u00e2lders - \u00f4fskied weth\u00e2lder Hanneke Jouta | Natuur- en Milieu Educatie Centrum De Klyster<\/title>\n<meta name=\"robots\" content=\"index, follow, max-snippet:-1, max-image-preview:large, max-video-preview:-1\" \/>\n<link rel=\"canonical\" href=\"https:\/\/www.klyster.nl\/fy\/oerlis-wethalders-ofskied-wethalder-hanneke-jouta\/\" \/>\n<meta property=\"og:locale\" content=\"en_US\" \/>\n<meta property=\"og:type\" content=\"article\" \/>\n<meta property=\"og:title\" content=\"Oerlis weth\u00e2lders - \u00f4fskied weth\u00e2lder Hanneke Jouta | Natuur- en Milieu Educatie Centrum De Klyster\" \/>\n<meta property=\"og:description\" content=\"Op tongersdei 26 maart 2026 wie it healjierliks oerlis tusken De Klyster en de portef\u00faljeh\u00e2lders fan Dantumadiel en Noardeast-Frysl\u00e2n. It jierferslach 2025 waard mei de weth\u00e2lders bepraat en akkordearre. Fierder kamen rinnende saken oan&#8217;e oarder en waard \u00f4fpraat dat de weth\u00e2lders ek yn 2026 graach belutsen wurde wolle by NME-aktiviteiten as de foarl\u00easdei, beamplantdei, projekt [&hellip;]\" \/>\n<meta property=\"og:url\" content=\"https:\/\/www.klyster.nl\/fy\/oerlis-wethalders-ofskied-wethalder-hanneke-jouta\/\" \/>\n<meta property=\"og:site_name\" content=\"Natuur- en Milieu Educatie Centrum De Klyster\" \/>\n<meta property=\"article:publisher\" content=\"https:\/\/www.facebook.com\/pages\/category\/Nonprofit-Organization\/De-Klyster-183815865735075\/\" \/>\n<meta property=\"article:published_time\" content=\"2026-03-26T14:38:15+00:00\" \/>\n<meta property=\"article:modified_time\" content=\"2026-03-27T19:44:57+00:00\" \/>\n<meta property=\"og:image\" content=\"https:\/\/www.klyster.nl\/wp-content\/uploads\/2026\/03\/2026-Afscheid-wethouder-Hanneke-Jouta-en-Marjolein-1030x899.jpg\" \/>\n\t<meta property=\"og:image:width\" content=\"1030\" \/>\n\t<meta property=\"og:image:height\" content=\"899\" \/>\n\t<meta property=\"og:image:type\" content=\"image\/jpeg\" \/>\n<meta name=\"author\" content=\"Jan Tiede Bouma\" \/>\n<meta name=\"twitter:card\" content=\"summary_large_image\" \/>\n<script type=\"application\/ld+json\" class=\"yoast-schema-graph\">{\"@context\":\"https:\\\/\\\/schema.org\",\"@graph\":[{\"@type\":\"Article\",\"@id\":\"https:\\\/\\\/www.klyster.nl\\\/fy\\\/oerlis-wethalders-ofskied-wethalder-hanneke-jouta\\\/#article\",\"isPartOf\":{\"@id\":\"https:\\\/\\\/www.klyster.nl\\\/fy\\\/oerlis-wethalders-ofskied-wethalder-hanneke-jouta\\\/\"},\"author\":{\"name\":\"Jan Tiede Bouma\",\"@id\":\"https:\\\/\\\/www.klyster.nl\\\/fy\\\/#\\\/schema\\\/person\\\/21822e4a9dcd556dc7d6338a21dac3be\"},\"headline\":\"Oerlis weth\u00e2lders &#8211; \u00f4fskied weth\u00e2lder Hanneke Jouta\",\"datePublished\":\"2026-03-26T14:38:15+00:00\",\"dateModified\":\"2026-03-27T19:44:57+00:00\",\"mainEntityOfPage\":{\"@id\":\"https:\\\/\\\/www.klyster.nl\\\/fy\\\/oerlis-wethalders-ofskied-wethalder-hanneke-jouta\\\/\"},\"wordCount\":162,\"publisher\":{\"@id\":\"https:\\\/\\\/www.klyster.nl\\\/fy\\\/#organization\"},\"image\":{\"@id\":\"https:\\\/\\\/www.klyster.nl\\\/fy\\\/oerlis-wethalders-ofskied-wethalder-hanneke-jouta\\\/#primaryimage\"},\"thumbnailUrl\":\"https:\\\/\\\/www.klyster.nl\\\/wp-content\\\/uploads\\\/2026\\\/03\\\/2026-Afscheid-wethouder-Hanneke-Jouta-en-Marjolein-scaled.jpg\",\"articleSection\":[\"Uncategorized @fy\"],\"inLanguage\":\"fy\"},{\"@type\":\"WebPage\",\"@id\":\"https:\\\/\\\/www.klyster.nl\\\/fy\\\/oerlis-wethalders-ofskied-wethalder-hanneke-jouta\\\/\",\"url\":\"https:\\\/\\\/www.klyster.nl\\\/fy\\\/oerlis-wethalders-ofskied-wethalder-hanneke-jouta\\\/\",\"name\":\"Oerlis weth\u00e2lders - \u00f4fskied weth\u00e2lder Hanneke Jouta | Natuur- en Milieu Educatie Centrum De Klyster\",\"isPartOf\":{\"@id\":\"https:\\\/\\\/www.klyster.nl\\\/fy\\\/#website\"},\"primaryImageOfPage\":{\"@id\":\"https:\\\/\\\/www.klyster.nl\\\/fy\\\/oerlis-wethalders-ofskied-wethalder-hanneke-jouta\\\/#primaryimage\"},\"image\":{\"@id\":\"https:\\\/\\\/www.klyster.nl\\\/fy\\\/oerlis-wethalders-ofskied-wethalder-hanneke-jouta\\\/#primaryimage\"},\"thumbnailUrl\":\"https:\\\/\\\/www.klyster.nl\\\/wp-content\\\/uploads\\\/2026\\\/03\\\/2026-Afscheid-wethouder-Hanneke-Jouta-en-Marjolein-scaled.jpg\",\"datePublished\":\"2026-03-26T14:38:15+00:00\",\"dateModified\":\"2026-03-27T19:44:57+00:00\",\"breadcrumb\":{\"@id\":\"https:\\\/\\\/www.klyster.nl\\\/fy\\\/oerlis-wethalders-ofskied-wethalder-hanneke-jouta\\\/#breadcrumb\"},\"inLanguage\":\"fy\",\"potentialAction\":[{\"@type\":\"ReadAction\",\"target\":[\"https:\\\/\\\/www.klyster.nl\\\/fy\\\/oerlis-wethalders-ofskied-wethalder-hanneke-jouta\\\/\"]}]},{\"@type\":\"ImageObject\",\"inLanguage\":\"fy\",\"@id\":\"https:\\\/\\\/www.klyster.nl\\\/fy\\\/oerlis-wethalders-ofskied-wethalder-hanneke-jouta\\\/#primaryimage\",\"url\":\"https:\\\/\\\/www.klyster.nl\\\/wp-content\\\/uploads\\\/2026\\\/03\\\/2026-Afscheid-wethouder-Hanneke-Jouta-en-Marjolein-scaled.jpg\",\"contentUrl\":\"https:\\\/\\\/www.klyster.nl\\\/wp-content\\\/uploads\\\/2026\\\/03\\\/2026-Afscheid-wethouder-Hanneke-Jouta-en-Marjolein-scaled.jpg\",\"width\":2560,\"height\":2235},{\"@type\":\"BreadcrumbList\",\"@id\":\"https:\\\/\\\/www.klyster.nl\\\/fy\\\/oerlis-wethalders-ofskied-wethalder-hanneke-jouta\\\/#breadcrumb\",\"itemListElement\":[{\"@type\":\"ListItem\",\"position\":1,\"name\":\"Home\",\"item\":\"https:\\\/\\\/www.klyster.nl\\\/fy\\\/\"},{\"@type\":\"ListItem\",\"position\":2,\"name\":\"Oerlis weth\u00e2lders &#8211; \u00f4fskied weth\u00e2lder Hanneke Jouta\"}]},{\"@type\":\"WebSite\",\"@id\":\"https:\\\/\\\/www.klyster.nl\\\/fy\\\/#website\",\"url\":\"https:\\\/\\\/www.klyster.nl\\\/fy\\\/\",\"name\":\"Natuur- en Milieu Educatie Centrum De Klyster\",\"description\":\"It NME-sintrum foar edukaasje yn natuer en duorsumens foar it basis\u00fbnderwiis yn Noardeast-Frysl\u00e2n.\",\"publisher\":{\"@id\":\"https:\\\/\\\/www.klyster.nl\\\/fy\\\/#organization\"},\"potentialAction\":[{\"@type\":\"SearchAction\",\"target\":{\"@type\":\"EntryPoint\",\"urlTemplate\":\"https:\\\/\\\/www.klyster.nl\\\/fy\\\/?s={search_term_string}\"},\"query-input\":{\"@type\":\"PropertyValueSpecification\",\"valueRequired\":true,\"valueName\":\"search_term_string\"}}],\"inLanguage\":\"fy\"},{\"@type\":\"Organization\",\"@id\":\"https:\\\/\\\/www.klyster.nl\\\/fy\\\/#organization\",\"name\":\"Natuur- en Milieu Educatie Centrum De Klyster\",\"url\":\"https:\\\/\\\/www.klyster.nl\\\/fy\\\/\",\"logo\":{\"@type\":\"ImageObject\",\"inLanguage\":\"fy\",\"@id\":\"https:\\\/\\\/www.klyster.nl\\\/fy\\\/#\\\/schema\\\/logo\\\/image\\\/\",\"url\":\"https:\\\/\\\/www.klyster.nl\\\/wp-content\\\/uploads\\\/2020\\\/03\\\/Logo-Klyster-NIEUW-scaled.jpg\",\"contentUrl\":\"https:\\\/\\\/www.klyster.nl\\\/wp-content\\\/uploads\\\/2020\\\/03\\\/Logo-Klyster-NIEUW-scaled.jpg\",\"width\":2560,\"height\":1345,\"caption\":\"Natuur- en Milieu Educatie Centrum De Klyster\"},\"image\":{\"@id\":\"https:\\\/\\\/www.klyster.nl\\\/fy\\\/#\\\/schema\\\/logo\\\/image\\\/\"},\"sameAs\":[\"https:\\\/\\\/www.facebook.com\\\/pages\\\/category\\\/Nonprofit-Organization\\\/De-Klyster-183815865735075\\\/\",\"https:\\\/\\\/www.instagram.com\\\/deklyster\\\/\"]},{\"@type\":\"Person\",\"@id\":\"https:\\\/\\\/www.klyster.nl\\\/fy\\\/#\\\/schema\\\/person\\\/21822e4a9dcd556dc7d6338a21dac3be\",\"name\":\"Jan Tiede Bouma\",\"image\":{\"@type\":\"ImageObject\",\"inLanguage\":\"fy\",\"@id\":\"https:\\\/\\\/secure.gravatar.com\\\/avatar\\\/1e2eada00e0c491b71aacf24904b29025b3ddc521e64d8554030e23288ab951e?s=96&d=mm&r=g\",\"url\":\"https:\\\/\\\/secure.gravatar.com\\\/avatar\\\/1e2eada00e0c491b71aacf24904b29025b3ddc521e64d8554030e23288ab951e?s=96&d=mm&r=g\",\"contentUrl\":\"https:\\\/\\\/secure.gravatar.com\\\/avatar\\\/1e2eada00e0c491b71aacf24904b29025b3ddc521e64d8554030e23288ab951e?s=96&d=mm&r=g\",\"caption\":\"Jan Tiede Bouma\"}}]}<\/script>\n<!-- \/ Yoast SEO plugin. -->","yoast_head_json":{"title":"Oerlis weth\u00e2lders - \u00f4fskied weth\u00e2lder Hanneke Jouta | Natuur- en Milieu Educatie Centrum De Klyster","robots":{"index":"index","follow":"follow","max-snippet":"max-snippet:-1","max-image-preview":"max-image-preview:large","max-video-preview":"max-video-preview:-1"},"canonical":"https:\/\/www.klyster.nl\/fy\/oerlis-wethalders-ofskied-wethalder-hanneke-jouta\/","og_locale":"en_US","og_type":"article","og_title":"Oerlis weth\u00e2lders - \u00f4fskied weth\u00e2lder Hanneke Jouta | Natuur- en Milieu Educatie Centrum De Klyster","og_description":"Op tongersdei 26 maart 2026 wie it healjierliks oerlis tusken De Klyster en de portef\u00faljeh\u00e2lders fan Dantumadiel en Noardeast-Frysl\u00e2n. It jierferslach 2025 waard mei de weth\u00e2lders bepraat en akkordearre. Fierder kamen rinnende saken oan&#8217;e oarder en waard \u00f4fpraat dat de weth\u00e2lders ek yn 2026 graach belutsen wurde wolle by NME-aktiviteiten as de foarl\u00easdei, beamplantdei, projekt [&hellip;]","og_url":"https:\/\/www.klyster.nl\/fy\/oerlis-wethalders-ofskied-wethalder-hanneke-jouta\/","og_site_name":"Natuur- en Milieu Educatie Centrum De Klyster","article_publisher":"https:\/\/www.facebook.com\/pages\/category\/Nonprofit-Organization\/De-Klyster-183815865735075\/","article_published_time":"2026-03-26T14:38:15+00:00","article_modified_time":"2026-03-27T19:44:57+00:00","og_image":[{"width":1030,"height":899,"url":"https:\/\/www.klyster.nl\/wp-content\/uploads\/2026\/03\/2026-Afscheid-wethouder-Hanneke-Jouta-en-Marjolein-1030x899.jpg","type":"image\/jpeg"}],"author":"Jan Tiede Bouma","twitter_card":"summary_large_image","schema":{"@context":"https:\/\/schema.org","@graph":[{"@type":"Article","@id":"https:\/\/www.klyster.nl\/fy\/oerlis-wethalders-ofskied-wethalder-hanneke-jouta\/#article","isPartOf":{"@id":"https:\/\/www.klyster.nl\/fy\/oerlis-wethalders-ofskied-wethalder-hanneke-jouta\/"},"author":{"name":"Jan Tiede Bouma","@id":"https:\/\/www.klyster.nl\/fy\/#\/schema\/person\/21822e4a9dcd556dc7d6338a21dac3be"},"headline":"Oerlis weth\u00e2lders &#8211; \u00f4fskied weth\u00e2lder Hanneke Jouta","datePublished":"2026-03-26T14:38:15+00:00","dateModified":"2026-03-27T19:44:57+00:00","mainEntityOfPage":{"@id":"https:\/\/www.klyster.nl\/fy\/oerlis-wethalders-ofskied-wethalder-hanneke-jouta\/"},"wordCount":162,"publisher":{"@id":"https:\/\/www.klyster.nl\/fy\/#organization"},"image":{"@id":"https:\/\/www.klyster.nl\/fy\/oerlis-wethalders-ofskied-wethalder-hanneke-jouta\/#primaryimage"},"thumbnailUrl":"https:\/\/www.klyster.nl\/wp-content\/uploads\/2026\/03\/2026-Afscheid-wethouder-Hanneke-Jouta-en-Marjolein-scaled.jpg","articleSection":["Uncategorized @fy"],"inLanguage":"fy"},{"@type":"WebPage","@id":"https:\/\/www.klyster.nl\/fy\/oerlis-wethalders-ofskied-wethalder-hanneke-jouta\/","url":"https:\/\/www.klyster.nl\/fy\/oerlis-wethalders-ofskied-wethalder-hanneke-jouta\/","name":"Oerlis weth\u00e2lders - \u00f4fskied weth\u00e2lder Hanneke Jouta | Natuur- en Milieu Educatie Centrum De Klyster","isPartOf":{"@id":"https:\/\/www.klyster.nl\/fy\/#website"},"primaryImageOfPage":{"@id":"https:\/\/www.klyster.nl\/fy\/oerlis-wethalders-ofskied-wethalder-hanneke-jouta\/#primaryimage"},"image":{"@id":"https:\/\/www.klyster.nl\/fy\/oerlis-wethalders-ofskied-wethalder-hanneke-jouta\/#primaryimage"},"thumbnailUrl":"https:\/\/www.klyster.nl\/wp-content\/uploads\/2026\/03\/2026-Afscheid-wethouder-Hanneke-Jouta-en-Marjolein-scaled.jpg","datePublished":"2026-03-26T14:38:15+00:00","dateModified":"2026-03-27T19:44:57+00:00","breadcrumb":{"@id":"https:\/\/www.klyster.nl\/fy\/oerlis-wethalders-ofskied-wethalder-hanneke-jouta\/#breadcrumb"},"inLanguage":"fy","potentialAction":[{"@type":"ReadAction","target":["https:\/\/www.klyster.nl\/fy\/oerlis-wethalders-ofskied-wethalder-hanneke-jouta\/"]}]},{"@type":"ImageObject","inLanguage":"fy","@id":"https:\/\/www.klyster.nl\/fy\/oerlis-wethalders-ofskied-wethalder-hanneke-jouta\/#primaryimage","url":"https:\/\/www.klyster.nl\/wp-content\/uploads\/2026\/03\/2026-Afscheid-wethouder-Hanneke-Jouta-en-Marjolein-scaled.jpg","contentUrl":"https:\/\/www.klyster.nl\/wp-content\/uploads\/2026\/03\/2026-Afscheid-wethouder-Hanneke-Jouta-en-Marjolein-scaled.jpg","width":2560,"height":2235},{"@type":"BreadcrumbList","@id":"https:\/\/www.klyster.nl\/fy\/oerlis-wethalders-ofskied-wethalder-hanneke-jouta\/#breadcrumb","itemListElement":[{"@type":"ListItem","position":1,"name":"Home","item":"https:\/\/www.klyster.nl\/fy\/"},{"@type":"ListItem","position":2,"name":"Oerlis weth\u00e2lders &#8211; \u00f4fskied weth\u00e2lder Hanneke Jouta"}]},{"@type":"WebSite","@id":"https:\/\/www.klyster.nl\/fy\/#website","url":"https:\/\/www.klyster.nl\/fy\/","name":"Natuur- en Milieu Educatie Centrum De Klyster","description":"It NME-sintrum foar edukaasje yn natuer en duorsumens foar it basis\u00fbnderwiis yn Noardeast-Frysl\u00e2n.","publisher":{"@id":"https:\/\/www.klyster.nl\/fy\/#organization"},"potentialAction":[{"@type":"SearchAction","target":{"@type":"EntryPoint","urlTemplate":"https:\/\/www.klyster.nl\/fy\/?s={search_term_string}"},"query-input":{"@type":"PropertyValueSpecification","valueRequired":true,"valueName":"search_term_string"}}],"inLanguage":"fy"},{"@type":"Organization","@id":"https:\/\/www.klyster.nl\/fy\/#organization","name":"Natuur- en Milieu Educatie Centrum De Klyster","url":"https:\/\/www.klyster.nl\/fy\/","logo":{"@type":"ImageObject","inLanguage":"fy","@id":"https:\/\/www.klyster.nl\/fy\/#\/schema\/logo\/image\/","url":"https:\/\/www.klyster.nl\/wp-content\/uploads\/2020\/03\/Logo-Klyster-NIEUW-scaled.jpg","contentUrl":"https:\/\/www.klyster.nl\/wp-content\/uploads\/2020\/03\/Logo-Klyster-NIEUW-scaled.jpg","width":2560,"height":1345,"caption":"Natuur- en Milieu Educatie Centrum De Klyster"},"image":{"@id":"https:\/\/www.klyster.nl\/fy\/#\/schema\/logo\/image\/"},"sameAs":["https:\/\/www.facebook.com\/pages\/category\/Nonprofit-Organization\/De-Klyster-183815865735075\/","https:\/\/www.instagram.com\/deklyster\/"]},{"@type":"Person","@id":"https:\/\/www.klyster.nl\/fy\/#\/schema\/person\/21822e4a9dcd556dc7d6338a21dac3be","name":"Jan Tiede Bouma","image":{"@type":"ImageObject","inLanguage":"fy","@id":"https:\/\/secure.gravatar.com\/avatar\/1e2eada00e0c491b71aacf24904b29025b3ddc521e64d8554030e23288ab951e?s=96&d=mm&r=g","url":"https:\/\/secure.gravatar.com\/avatar\/1e2eada00e0c491b71aacf24904b29025b3ddc521e64d8554030e23288ab951e?s=96&d=mm&r=g","contentUrl":"https:\/\/secure.gravatar.com\/avatar\/1e2eada00e0c491b71aacf24904b29025b3ddc521e64d8554030e23288ab951e?s=96&d=mm&r=g","caption":"Jan Tiede Bouma"}}]}},"_links":{"self":[{"href":"https:\/\/www.klyster.nl\/fy\/wp-json\/wp\/v2\/posts\/101198","targetHints":{"allow":["GET"]}}],"collection":[{"href":"https:\/\/www.klyster.nl\/fy\/wp-json\/wp\/v2\/posts"}],"about":[{"href":"https:\/\/www.klyster.nl\/fy\/wp-json\/wp\/v2\/types\/post"}],"author":[{"embeddable":true,"href":"https:\/\/www.klyster.nl\/fy\/wp-json\/wp\/v2\/users\/707"}],"replies":[{"embeddable":true,"href":"https:\/\/www.klyster.nl\/fy\/wp-json\/wp\/v2\/comments?post=101198"}],"version-history":[{"count":2,"href":"https:\/\/www.klyster.nl\/fy\/wp-json\/wp\/v2\/posts\/101198\/revisions"}],"predecessor-version":[{"id":101200,"href":"https:\/\/www.klyster.nl\/fy\/wp-json\/wp\/v2\/posts\/101198\/revisions\/101200"}],"wp:featuredmedia":[{"embeddable":true,"href":"https:\/\/www.klyster.nl\/fy\/wp-json\/wp\/v2\/media\/101194"}],"wp:attachment":[{"href":"https:\/\/www.klyster.nl\/fy\/wp-json\/wp\/v2\/media?parent=101198"}],"wp:term":[{"taxonomy":"category","embeddable":true,"href":"https:\/\/www.klyster.nl\/fy\/wp-json\/wp\/v2\/categories?post=101198"},{"taxonomy":"post_tag","embeddable":true,"href":"https:\/\/www.klyster.nl\/fy\/wp-json\/wp\/v2\/tags?post=101198"}],"curies":[{"name":"wp","href":"https:\/\/api.w.org\/{rel}","templated":true}]}}